{"id":14050,"date":"2025-11-25T09:59:33","date_gmt":"2025-11-25T09:59:33","guid":{"rendered":"https:\/\/www.ultimatebikehiremallorca.com\/?p=14050"},"modified":"2025-12-11T07:08:08","modified_gmt":"2025-12-11T07:08:08","slug":"autumn-to-winter-in-mallorca-a-magical-transformation","status":"publish","type":"post","link":"https:\/\/www.ultimatebikehiremallorca.com\/fr\/de-lautomne-a-lhiver-en-mallorquie\/","title":{"rendered":"De l'automne \u00e0 l'hiver \u00e0 Majorque : comment l'\u00eele se transforme"},"content":{"rendered":"<p>La plupart des gens pensent \u00e0 Majorque comme \u00e0 une destination estivale, au soleil, aux plages et aux v\u00e9los en bord de mer. Mais ceux qui restent plus longtemps, ou qui visitent l'\u00eele entre octobre et f\u00e9vrier, d\u00e9couvrent quelque chose de tr\u00e8s diff\u00e9rent. L'\u00eele change de rythme. Les foules s'en vont, l'air se rafra\u00eechit et Majorque devient plus douce, plus calme et plus authentique.<\/p>\n<h2><strong>Automne dor\u00e9 : R\u00e9colte et tranquillit\u00e9 <\/strong><\/h2>\n<p>L'automne \u00e0 Majorque commence vers la fin septembre et dure jusqu'en novembre. Le soleil est encore chaud, mais les journ\u00e9es sont agr\u00e9ables, autour de 20 \u00e0 25\u00b0C. Les plages sont tranquilles, la mer est encore baignable, et les montagnes se parent de teintes dor\u00e9es et brunes. Les plages sont tranquilles, la mer est encore baignable et les montagnes brillent dans des tons dor\u00e9s et bruns.<\/p>\n<p>C'est la saison des r\u00e9coltes. Les champs sont remplis d'oranges, d'amandes, d'olives et de raisins m\u00fbrs. Les petits villages s'animent \u00e0 l'occasion des f\u00eates locales de la r\u00e9colte, o\u00f9 l'on c\u00e9l\u00e8bre la terre et ses produits. La Fira de la Mel (Foire au miel) \u00e0 Llub\u00ed, la Fira de Tardor (Foire d'automne) \u00e0 Inca et la Fira del Vi (Foire au vin) \u00e0 Binissalem en sont quelques exemples. En vous promenant dans ces march\u00e9s, vous sentirez l'odeur des ch\u00e2taignes grill\u00e9es, vous go\u00fbterez le miel local et vous verrez des familles se r\u00e9unir pour \u00e9couter de la musique et d\u00e9guster des plats faits maison.<\/p>\n<p>Faire du v\u00e9lo pendant cette saison est un pur bonheur. Les routes sont calmes et le temps est parfait pour de longues balades \u00e0 travers les vignobles, les oliveraies et les paisibles villages de pierre. Vous pouvez aller des vall\u00e9es d'orangers de S\u00f3ller aux routes sinueuses de Dei\u00e0, en vous arr\u00eatant pour boire un jus d'orange frais ou un caf\u00e9 au soleil.<\/p>\n<h2><strong>Le passage \u00e0 l'hiver : Calme et fra\u00eecheur de l'air <\/strong><\/h2>\n<p>En novembre, l'\u00eele commence \u00e0 ralentir. Certains bars et restaurants de plage ferment pour la saison, mais de nombreux habitants consid\u00e8rent que c'est la meilleure p\u00e9riode de l'ann\u00e9e. Les touristes sont partis et Majorque retrouve sa tranquillit\u00e9.<\/p>\n<p>Les montagnes de Tramuntana deviennent un terrain de jeu pour les randonneurs et les cyclistes. L'air devient vif et l'odeur du pin et de la fum\u00e9e de bois envahit les villages. Il se peut m\u00eame que vous aperceviez les premi\u00e8res neiges sur le Puig Major, le plus haut sommet de l'\u00eele. Les villes c\u00f4ti\u00e8res comme Port de S\u00f3ller ou Port d'Andratx acqui\u00e8rent un charme tranquille, les habitants discutant dans les petits caf\u00e9s et les p\u00eacheurs raccommodant leurs filets.<\/p>\n<p>C'est \u00e9galement \u00e0 cette \u00e9poque que les habitants se pr\u00e9parent aux vacances d'hiver. Les rues de Palma commencent \u00e0 scintiller avec les premi\u00e8res d\u00e9corations de No\u00ebl, et les vitrines des magasins se remplissent d'\u00e9talages accueillants. Les march\u00e9s locaux commencent \u00e0 vendre de l'artisanat, des sucreries et des \u00e9charpes chaudes.<\/p>\n<h2><strong>Lumi\u00e8res d'hiver et magie de No\u00ebl <\/strong><\/h2>\n<p>En d\u00e9cembre, Majorque se transforme compl\u00e8tement. L'air est frais, descendant parfois en dessous de 10\u00b0C la nuit, et un sentiment de f\u00eate r\u00e8gne partout. Palma devient une ville parfaite, avec ses rues bord\u00e9es de lumi\u00e8res de No\u00ebl dor\u00e9es, ses chants de No\u00ebl et ses familles qui se prom\u00e8nent sur le march\u00e9 de No\u00ebl de la Plaza Mayor.<\/p>\n<p>Vous trouverez des stands vendant du turr\u00f3n (un nougat traditionnel aux amandes), des marrons grill\u00e9s et du chocolat chaud. Dans des villes comme Valldemossa ou S\u00f3ller, vous pourrez voir des cr\u00e8ches et de petits concerts de No\u00ebl. Le 5 janvier, le d\u00e9fil\u00e9 des Rois mages remplit les rues de musique et de couleurs, un \u00e9v\u00e9nement magnifique pour les enfants comme pour les adultes.<\/p>\n<p>S'il fait trop froid pour se baigner, l'hiver est parfait pour faire du v\u00e9lo et des randonn\u00e9es. Les routes de l'\u00eele sont tranquilles et le soleil bas donne au paysage un \u00e9clat dor\u00e9. Vous pouvez faire du v\u00e9lo le long de la c\u00f4te ou vous rendre dans les montagnes sans subir la chaleur de l'\u00e9t\u00e9. Et lorsque vous avez termin\u00e9, il n'y a rien de mieux que de se r\u00e9chauffer avec un rago\u00fbt local ou un verre de vin rouge majorquin.<\/p>\n<h3><strong>La nature et la vie locale pendant les mois les plus frais <\/strong><\/h3>\n<p>L'hiver r\u00e9v\u00e8le \u00e9galement la v\u00e9ritable beaut\u00e9 naturelle de Majorque. La floraison des amandiers commence \u00e0 appara\u00eetre \u00e0 la fin du mois de janvier, peignant l'\u00eele de fleurs roses et blanches. C'est un spectacle \u00e9tonnant, des champs qui semblent avoir \u00e9t\u00e9 saupoudr\u00e9s de neige.<\/p>\n<p>Les ornithologues et les photographes adorent cette saison, car la lumi\u00e8re est plus douce et les zones humides de S'Albufera regorgent d'oiseaux migrateurs. Vous pouvez visiter des criques cach\u00e9es, faire des randonn\u00e9es sur les sentiers c\u00f4tiers ou profiter du son paisible des vagues sans le bruit de l'\u00e9t\u00e9.<\/p>\n<p>Les habitants disent souvent que l'hiver est le moment o\u00f9 Majorque \"respire\". C'est une p\u00e9riode propice \u00e0 la cr\u00e9ation de liens avec la famille, la nature et la communaut\u00e9. Vous pouvez passer vos matin\u00e9es \u00e0 explorer les boulangeries locales, vos apr\u00e8s-midi dans les galeries d'art ou les mus\u00e9es, et vos soir\u00e9es au coin du feu dans une auberge de campagne.<\/p>\n<h3><strong>Une p\u00e9riode id\u00e9ale pour explorer \u00e0 v\u00e9lo <\/strong><\/h3>\n<p>L'une des meilleures fa\u00e7ons de d\u00e9couvrir Majorque de l'automne \u00e0 l'hiver est le v\u00e9lo. Les routes sont d\u00e9sertes, l'air est pur et chaque trajet offre quelque chose de nouveau : des orangers charg\u00e9s de fruits, des villages de montagne envelopp\u00e9s de brume ou un coucher de soleil \u00e9clatant sur la mer.<\/p>\n<p>Que vous soyez un cycliste occasionnel ou chevronn\u00e9, la vari\u00e9t\u00e9 des itin\u00e9raires de l'\u00eele en fait un lieu id\u00e9al pour tous les niveaux. Vous pouvez aller de Palma au Cap de Formentor, explorer les chemins sinueux des montagnes de Tramuntana ou simplement profiter de la brise c\u00f4ti\u00e8re lors d'une balade d\u00e9contract\u00e9e.<\/p>\n<h4><strong>Louer un v\u00e9lo avec Ultimate Bike Hire <\/strong><\/h4>\n<p>Pour que votre aventure \u00e0 v\u00e9lo soit facile et agr\u00e9able, vous pouvez louer un v\u00e9lo \u00e0 l'adresse suivante<a href=\"https:\/\/www.ultimatebikehiremallorca.com\/fr\/\"><strong> Location de v\u00e9los Ultimate<\/strong><\/a>. Nous proposons une gamme de v\u00e9los de route de haute qualit\u00e9 adapt\u00e9s \u00e0 tous les types de cyclistes. Notre \u00e9quipe peut vous aider \u00e0 choisir le bon v\u00e9lo et m\u00eame vous recommander des itin\u00e9raires pittoresques en fonction de vos int\u00e9r\u00eats et de votre niveau de comp\u00e9tence.<\/p>\n<p>Vous pouvez r\u00e9server en ligne ou nous rendre visite en personne, r\u00e9cup\u00e9rer votre v\u00e9lo et partir \u00e0 la d\u00e9couverte des plus beaux endroits de l'\u00eele, de la campagne paisible aux c\u00f4tes \u00e9tincelantes. Avec nos v\u00e9los, vous d\u00e9couvrirez le charme tranquille de Majorque et les coins cach\u00e9s que peu de touristes voient.<\/p>\n<p>Ainsi, que vous la visitiez en automne dor\u00e9 ou en hiver douillet, Majorque vous surprendra par ses couleurs, sa culture et son calme. C'est une saison de transformation, et le moment id\u00e9al pour l'explorer en deux roues.<\/p>","protected":false},"excerpt":{"rendered":"<p>La plupart des gens pensent \u00e0 Majorque comme \u00e0 une destination estivale, au soleil, aux plages et aux v\u00e9los en bord de mer. Mais ceux qui restent plus longtemps, ou qui visitent l'\u00eele entre octobre et f\u00e9vrier, d\u00e9couvrent quelque chose de tr\u00e8s diff\u00e9rent. L'\u00eele change de rythme. Les foules s'en vont, l'air se rafra\u00eechit et Majorque devient plus douce, plus calme et plus authentique. Automne dor\u00e9 : R\u00e9colte et tranquillit\u00e9 [...]<\/p>","protected":false},"author":2,"featured_media":14052,"comment_status":"open","ping_status":"open","sticky":false,"template":"","format":"standard","meta":{"footnotes":""},"categories":[184],"tags":[185,142,47],"class_list":["post-14050","post","type-post","status-publish","format-standard","has-post-thumbnail","hentry","category-autumn-to-winter-in-mallorca","tag-autumn-to-winter-in-mallorca","tag-best-cycling-route-access","tag-bike-rental-in-mallorca"],"_links":{"self":[{"href":"https:\/\/www.ultimatebikehiremallorca.com\/fr\/wp-json\/wp\/v2\/posts\/14050","targetHints":{"allow":["GET"]}}],"collection":[{"href":"https:\/\/www.ultimatebikehiremallorca.com\/fr\/wp-json\/wp\/v2\/posts"}],"about":[{"href":"https:\/\/www.ultimatebikehiremallorca.com\/fr\/wp-json\/wp\/v2\/types\/post"}],"author":[{"embeddable":true,"href":"https:\/\/www.ultimatebikehiremallorca.com\/fr\/wp-json\/wp\/v2\/users\/2"}],"replies":[{"embeddable":true,"href":"https:\/\/www.ultimatebikehiremallorca.com\/fr\/wp-json\/wp\/v2\/comments?post=14050"}],"version-history":[{"count":0,"href":"https:\/\/www.ultimatebikehiremallorca.com\/fr\/wp-json\/wp\/v2\/posts\/14050\/revisions"}],"wp:featuredmedia":[{"embeddable":true,"href":"https:\/\/www.ultimatebikehiremallorca.com\/fr\/wp-json\/wp\/v2\/media\/14052"}],"wp:attachment":[{"href":"https:\/\/www.ultimatebikehiremallorca.com\/fr\/wp-json\/wp\/v2\/media?parent=14050"}],"wp:term":[{"taxonomy":"category","embeddable":true,"href":"https:\/\/www.ultimatebikehiremallorca.com\/fr\/wp-json\/wp\/v2\/categories?post=14050"},{"taxonomy":"post_tag","embeddable":true,"href":"https:\/\/www.ultimatebikehiremallorca.com\/fr\/wp-json\/wp\/v2\/tags?post=14050"}],"curies":[{"name":"wp","href":"https:\/\/api.w.org\/{rel}","templated":true}]}}