{"id":14021,"date":"2025-10-02T05:55:09","date_gmt":"2025-10-02T05:55:09","guid":{"rendered":"https:\/\/www.ultimatebikehiremallorca.com\/?p=14021"},"modified":"2025-10-02T05:56:02","modified_gmt":"2025-10-02T05:56:02","slug":"what-locals-do-in-mallorca","status":"publish","type":"post","link":"https:\/\/www.ultimatebikehiremallorca.com\/fr\/ce-que-les-locaux-font-a-mallorque\/","title":{"rendered":"Ce que les locaux font \u00e0 Majorque une fois l'\u00e9t\u00e9 termin\u00e9"},"content":{"rendered":"<p style=\"text-align: justify;\"><span lang=\"EN-IN\">Lorsque la plupart des gens pensent \u00e0 Majorque, ils imaginent des vacances d'\u00e9t\u00e9, des plages ensoleill\u00e9es et de longues randonn\u00e9es \u00e0 v\u00e9lo sous le soleil m\u00e9diterran\u00e9en. Mais la vie sur l'\u00eele ne s'arr\u00eate pas \u00e0 la fin de l'\u00e9t\u00e9. En fait, pour les habitants, l'automne apporte un mode de vie plus calme et plus traditionnel. Les foules s'en vont, le temps se rafra\u00eechit et l'\u00eele reprend lentement son rythme. Pour comprendre la vraie Majorque, il faut voir ce qui se passe apr\u00e8s l'\u00e9t\u00e9. <\/span><\/p>\n<h2 style=\"text-align: justify;\"><b><span lang=\"EN-IN\">Un rythme de vie plus lent <\/span><\/b><\/h2>\n<p style=\"text-align: justify;\"><span lang=\"EN-IN\">Une fois le mois de septembre arriv\u00e9, les plages ne sont plus aussi fr\u00e9quent\u00e9es et les rues sont plus calmes. Les habitants profitent enfin de leur \u00eele sans la cohue des touristes. Les familles se prom\u00e8nent le soir au bord de la mer et les petits caf\u00e9s se remplissent \u00e0 nouveau de locaux plut\u00f4t que de visiteurs. L'atmosph\u00e8re est d\u00e9tendue, comme si l'\u00eele reprenait son souffle apr\u00e8s la saison estivale. <\/span><\/p>\n<p style=\"text-align: justify;\"><span lang=\"EN-IN\">Pour les Majorquins, l'automne est l'occasion de renouer avec la famille et la communaut\u00e9. Les gens passent plus de temps \u00e0 la maison, \u00e0 cuisiner ensemble ou \u00e0 prendre un caf\u00e9 sur une terrasse avec des amis. Le rythme plus lent est une chose que beaucoup d'habitants attendent avec impatience tout au long de l'ann\u00e9e. <\/span><\/p>\n<h2 style=\"text-align: justify;\"><b><span lang=\"EN-IN\">Saison des r\u00e9coltes et alimentation locale <\/span><\/b><\/h2>\n<p style=\"text-align: justify;\"><span lang=\"EN-IN\">L'automne est aussi le temps des r\u00e9coltes. Majorque a une forte tradition agricole et la fin de l'\u00e9t\u00e9 apporte beaucoup de nourriture fra\u00eeche. Les raisins, les amandes et les olives sont cueillis en septembre et en octobre. Les familles se r\u00e9unissent souvent pour la r\u00e9colte des olives, qui est \u00e0 la fois un dur labeur et un \u00e9v\u00e9nement social. <\/span><\/p>\n<p style=\"text-align: justify;\"><span lang=\"EN-IN\">C'est la saison o\u00f9 les habitants pr\u00e9parent de l'huile d'olive et des friandises \u00e0 base d'amandes. Les march\u00e9s regorgent de produits de saison comme les figues, les champignons et le vin frais. Un \u00e9v\u00e9nement populaire est la Fira de sa Mel (Foire du miel) \u00e0 Llub\u00ed, o\u00f9 l'on vend du miel local et des sucreries traditionnelles. Pour de nombreux Majorquins, ces foires sont l'occasion de c\u00e9l\u00e9brer leur culture et de d\u00e9guster des plats faits maison. <\/span><\/p>\n<h2 style=\"text-align: justify;\"><b><span lang=\"EN-IN\">F\u00eates et traditions <\/span><\/b><\/h2>\n<p style=\"text-align: justify;\"><span lang=\"EN-IN\">M\u00eame apr\u00e8s l'\u00e9t\u00e9, les festivals restent un \u00e9l\u00e9ment important de la vie locale. En novembre, la ville d'Inca organise Dijous Bo, l'une des plus grandes foires de l'\u00eele. Elle est r\u00e9put\u00e9e pour sa gastronomie locale, ses expositions de b\u00e9tail et son artisanat traditionnel. Les familles de toute l'\u00eele de Majorque s'y rendent pour faire des achats, manger et rencontrer des amis. <\/span><\/p>\n<p style=\"text-align: justify;\"><span lang=\"EN-IN\">Une autre tradition importante est le jour de Sant Miquel, fin septembre, qui marque la fin de l'\u00e9t\u00e9. De nombreux villages le c\u00e9l\u00e8brent avec de la musique, des danses et des \u00e9v\u00e9nements religieux. Ces f\u00eates locales montrent \u00e0 quel point les Majorquins sont attach\u00e9s \u00e0 leurs traditions et \u00e0 leur communaut\u00e9. <\/span><\/p>\n<h3 style=\"text-align: justify;\"><b><span lang=\"EN-IN\">Promenades dans la nature et vie en plein air <\/span><\/b><\/h3>\n<p style=\"text-align: justify;\"><span lang=\"EN-IN\">Si les touristes viennent souvent pour les plages, les habitants savent que l'automne est la saison id\u00e9ale pour les activit\u00e9s de plein air. Le temps est plus frais et les montagnes de la Serra de Tramuntana deviennent un lieu de pr\u00e9dilection pour la randonn\u00e9e et le cyclisme. Les familles passent leurs week-ends \u00e0 se promener dans la campagne, \u00e0 cueillir des champignons ou \u00e0 pique-niquer. <\/span><\/p>\n<p style=\"text-align: justify;\"><span lang=\"EN-IN\">La pratique du v\u00e9lo se poursuit \u00e9galement en automne. Les routes sont plus s\u00fbres avec moins de voitures, et de nombreux habitants aiment rouler le long de la c\u00f4te ou dans les petits villages. C'est une p\u00e9riode o\u00f9 les habitants peuvent se r\u00e9approprier la beaut\u00e9 naturelle de leur \u00eele. <\/span><\/p>\n<h3 style=\"text-align: justify;\"><b><span lang=\"EN-IN\">Se pr\u00e9parer \u00e0 l'hiver <\/span><\/b><\/h3>\n<p style=\"text-align: justify;\"><span lang=\"EN-IN\">Apr\u00e8s l'\u00e9t\u00e9, les Majorquins se pr\u00e9parent \u00e9galement aux mois plus frais qui s'annoncent. Les magasins commencent \u00e0 vendre des v\u00eatements plus chauds et de nombreuses familles se pr\u00e9parent \u00e0 passer plus de temps \u00e0 l'int\u00e9rieur. Les plats traditionnels comme les sopes mallorquines (soupe de l\u00e9gumes et de pain) reviennent sur les tables. Ces petits changements rappellent aux habitants que les saisons changent, m\u00eame dans un climat m\u00e9diterran\u00e9en. <\/span><\/p>\n<p style=\"text-align: justify;\"><span lang=\"EN-IN\">La fin de l'\u00e9t\u00e9 est \u00e9galement synonyme de retour \u00e0 la routine pour de nombreuses personnes. Les enfants retournent \u00e0 l'\u00e9cole et les adultes s'adaptent \u00e0 leur emploi du temps. Pourtant, l'accent est toujours mis sur l'\u00e9quilibre - trouver du temps pour la famille, les amis et les traditions. <\/span><\/p>\n<h3 style=\"text-align: justify;\"><b><span lang=\"EN-IN\">L'importance pour les visiteurs <\/span><\/b><\/h3>\n<p style=\"text-align: justify;\"><span lang=\"EN-IN\">Pour les touristes, l'automne \u00e0 Majorque est l'occasion de d\u00e9couvrir l'\u00eele d'une mani\u00e8re diff\u00e9rente. Au lieu des plages bond\u00e9es, vous trouverez des villages paisibles. Au lieu des restaurants bond\u00e9s, vous pourrez profiter des caf\u00e9s locaux tranquilles. En suivant les habitudes des habitants, vous d\u00e9couvrirez le c\u0153ur authentique de Majorque. <\/span><\/p>\n<p style=\"text-align: justify;\"><span lang=\"EN-IN\">Visiter apr\u00e8s l'\u00e9t\u00e9 signifie \u00e9galement que vous pouvez participer aux festivals locaux, go\u00fbter \u00e0 la cuisine de saison et profiter des activit\u00e9s de plein air sans la chaleur. C'est une p\u00e9riode o\u00f9 Majorque semble plus personnelle, plus r\u00e9elle et plus proche de ses traditions. <\/span><\/p>\n<h4 style=\"text-align: justify;\"><b><span lang=\"EN-IN\">Explorer Majorque \u00e0 v\u00e9lo avec Ultimate Bike Hire <\/span><\/b><\/h4>\n<p style=\"text-align: justify;\"><span lang=\"EN-IN\">L'une des meilleures fa\u00e7ons de profiter de Majorque comme un habitant est le v\u00e9lo. Avec moins de voitures sur les routes et un temps plus frais, faire du v\u00e9lo en automne est un vrai plaisir. \u00c0 l'adresse <a href=\"https:\/\/www.ultimatebikehiremallorca.com\/fr\/\"><strong>Location de v\u00e9los Ultimate<\/strong><\/a>Gr\u00e2ce \u00e0 nos v\u00e9los, il vous sera facile d'explorer l'\u00eele sur deux roues. Que vous souhaitiez longer la c\u00f4te, d\u00e9couvrir des villages cach\u00e9s ou parcourir les montagnes de la Tramuntana, nous avons le v\u00e9lo qu'il vous faut. Louer un v\u00e9lo avec nous est simple, et notre \u00e9quipe peut vous guider avec des itin\u00e9raires et des conseils pour rendre votre voyage inoubliable. D\u00e9couvrez Majorque \u00e0 votre rythme, comme le font les locaux. <\/span><\/p>","protected":false},"excerpt":{"rendered":"<p>Lorsque la plupart des gens pensent \u00e0 Majorque, ils imaginent des vacances d'\u00e9t\u00e9, des plages ensoleill\u00e9es et de longues randonn\u00e9es \u00e0 v\u00e9lo sous le soleil m\u00e9diterran\u00e9en. Mais la vie sur l'\u00eele ne s'arr\u00eate pas \u00e0 la fin de l'\u00e9t\u00e9. En fait, pour les habitants, l'automne apporte un mode de vie plus calme et plus traditionnel. Les foules s'en vont, le temps se rafra\u00eechit et l'\u00eele revient lentement [...]<\/p>","protected":false},"author":2,"featured_media":14022,"comment_status":"open","ping_status":"open","sticky":false,"template":"","format":"standard","meta":{"footnotes":""},"categories":[172],"tags":[70,47,112,173],"class_list":["post-14021","post","type-post","status-publish","format-standard","has-post-thumbnail","hentry","category-what-the-locals-do-in-mallorca","tag-benefit-of-cycling","tag-bike-rental-in-mallorca","tag-cycling-in-mallorca","tag-what-locals-do-in-mallorca-after-summer-ends"],"_links":{"self":[{"href":"https:\/\/www.ultimatebikehiremallorca.com\/fr\/wp-json\/wp\/v2\/posts\/14021","targetHints":{"allow":["GET"]}}],"collection":[{"href":"https:\/\/www.ultimatebikehiremallorca.com\/fr\/wp-json\/wp\/v2\/posts"}],"about":[{"href":"https:\/\/www.ultimatebikehiremallorca.com\/fr\/wp-json\/wp\/v2\/types\/post"}],"author":[{"embeddable":true,"href":"https:\/\/www.ultimatebikehiremallorca.com\/fr\/wp-json\/wp\/v2\/users\/2"}],"replies":[{"embeddable":true,"href":"https:\/\/www.ultimatebikehiremallorca.com\/fr\/wp-json\/wp\/v2\/comments?post=14021"}],"version-history":[{"count":0,"href":"https:\/\/www.ultimatebikehiremallorca.com\/fr\/wp-json\/wp\/v2\/posts\/14021\/revisions"}],"wp:featuredmedia":[{"embeddable":true,"href":"https:\/\/www.ultimatebikehiremallorca.com\/fr\/wp-json\/wp\/v2\/media\/14022"}],"wp:attachment":[{"href":"https:\/\/www.ultimatebikehiremallorca.com\/fr\/wp-json\/wp\/v2\/media?parent=14021"}],"wp:term":[{"taxonomy":"category","embeddable":true,"href":"https:\/\/www.ultimatebikehiremallorca.com\/fr\/wp-json\/wp\/v2\/categories?post=14021"},{"taxonomy":"post_tag","embeddable":true,"href":"https:\/\/www.ultimatebikehiremallorca.com\/fr\/wp-json\/wp\/v2\/tags?post=14021"}],"curies":[{"name":"wp","href":"https:\/\/api.w.org\/{rel}","templated":true}]}}