{"id":13995,"date":"2025-09-04T04:38:11","date_gmt":"2025-09-04T04:38:11","guid":{"rendered":"https:\/\/www.ultimatebikehiremallorca.com\/?p=13995"},"modified":"2025-09-04T04:38:57","modified_gmt":"2025-09-04T04:38:57","slug":"why-september-might-be-the-best-month-to-visit-mallorca","status":"publish","type":"post","link":"https:\/\/www.ultimatebikehiremallorca.com\/fr\/pourquoi-septembre-est-peut-etre-le-meilleur-mois-pour-visiter-lile-de-majorque\/","title":{"rendered":"Pourquoi septembre est-il le meilleur mois pour visiter Majorque ?"},"content":{"rendered":"<p style=\"text-align: justify;\"><span lang=\"EN-IN\">Lorsque la plupart des gens pensent \u00e0 Majorque, ils imaginent les chaudes journ\u00e9es d'\u00e9t\u00e9 de juillet et d'ao\u00fbt. Les plages sont pleines, le soleil est fort et les visiteurs de toute l'Europe envahissent l'\u00eele. Mais de nombreux connaisseurs de Majorque affirment que le mois de septembre est en fait le meilleur mois pour visiter l'\u00eele. Pourquoi ? Parce que l'\u00eele est plus calme, le temps plus doux et la mer encore chaude. Si vous planifiez votre voyage, voici quelques raisons pour lesquelles le mois de septembre pourrait \u00eatre le moment id\u00e9al. <\/span><\/p>\n<p style=\"text-align: justify;\"><b><span lang=\"EN-IN\">Moins de touristes, plus d'espace <\/span><\/b><\/p>\n<p style=\"text-align: justify;\"><span lang=\"EN-IN\">En juillet et en ao\u00fbt, Majorque peut sembler tr\u00e8s occup\u00e9e. Les h\u00f4tels sont pleins, les restaurants ont de longues files d'attente et les plages populaires sont bond\u00e9es. En septembre, la plupart des familles avec enfants rentrent chez elles car les \u00e9coles rouvrent. Il y a donc moins de touristes sur l'\u00eele. Vous trouverez plus d'espace sur les plages, il sera plus facile de r\u00e9server dans les restaurants et il y aura moins de files d'attente pour les attractions. L'ambiance est plus d\u00e9tendue, comme si l'\u00eele respirait \u00e0 nouveau apr\u00e8s un \u00e9t\u00e9 tr\u00e8s charg\u00e9. <\/span><\/p>\n<p style=\"text-align: justify;\"><b><span lang=\"EN-IN\">Un soleil plus doux <\/span><\/b><\/p>\n<p style=\"text-align: justify;\"><span lang=\"EN-IN\">Le soleil de l'\u00e9t\u00e9 majorquin est fort, parfois trop fort pour de longues promenades \u00e0 pied ou \u00e0 v\u00e9lo en milieu de journ\u00e9e. En septembre, le soleil brille toujours, mais moins fort. Les journ\u00e9es sont chaudes sans \u00eatre \u00e9crasantes. Il est donc plus confortable d'explorer les villages, de faire du v\u00e9lo dans les montagnes ou de profiter de longs apr\u00e8s-midi \u00e0 l'ext\u00e9rieur sans avoir besoin de faire des pauses constantes \u00e0 l'ombre. <\/span><\/p>\n<p style=\"text-align: justify;\"><b><span lang=\"EN-IN\">Mer chaude et accueillante <\/span><\/b><\/p>\n<p style=\"text-align: justify;\"><span lang=\"EN-IN\">Si vous aimez la natation, le mois de septembre est parfait. La mer a \u00e9t\u00e9 r\u00e9chauff\u00e9e par la chaleur de l'\u00e9t\u00e9 et est \u00e0 sa meilleure temp\u00e9rature. Vous pouvez profiter de longues baignades sans la fra\u00eecheur du d\u00e9but de saison. La plong\u00e9e avec tuba, la plong\u00e9e sous-marine ou le simple fait de flotter dans les eaux claires est encore plus agr\u00e9able lorsque la mer ressemble \u00e0 une douce \u00e9treinte. Pour de nombreux visiteurs, c'est le point culminant du mois de septembre \u00e0 Majorque. <\/span><\/p>\n<p style=\"text-align: justify;\"><b><span lang=\"EN-IN\">La nature \u00e0 son meilleur <\/span><\/b><\/p>\n<p style=\"text-align: justify;\"><span lang=\"EN-IN\">Majorque est connue pour son \u00e9tonnante beaut\u00e9 naturelle : les montagnes de la Serra de Tramuntana, les vignobles vallonn\u00e9s, les oliveraies et les c\u00f4tes rocheuses. Le mois de septembre apporte un \u00e9quilibre entre le soleil et les pluies l\u00e9g\u00e8res, ce qui donne \u00e0 l'\u00eele un aspect frais et verdoyant apr\u00e8s l'\u00e9t\u00e9 sec. C'est aussi la p\u00e9riode des r\u00e9coltes dans de nombreux villages, et vous pourrez assister \u00e0 des festivals locaux c\u00e9l\u00e9brant le raisin, les amandes et les figues. Ces petits \u00e9v\u00e9nements donnent un aper\u00e7u de la culture majorquine qui semble plus authentique que les spectacles touristiques tr\u00e8s fr\u00e9quent\u00e9s de l'\u00e9t\u00e9. <\/span><\/p>\n<p style=\"text-align: justify;\"><b><span lang=\"EN-IN\">Une vie locale d\u00e9tendue <\/span><\/b><\/p>\n<p style=\"text-align: justify;\"><span lang=\"EN-IN\">En septembre, les habitants qui ont travaill\u00e9 pendant toute la saison trouvent enfin un peu de repos. Ils sont plus d\u00e9tendus et ont plus de temps pour discuter. L'atmosph\u00e8re est donc plus chaleureuse pour les visiteurs. Vous pouvez vous retrouver \u00e0 discuter avec un vigneron dans un vignoble, un boulanger dans une boutique de village ou un restaurateur qui partage volontiers ses recettes de famille. Le voyage est plus personnel, et vous d\u00e9couvrirez la vraie Majorque. <\/span><\/p>\n<p style=\"text-align: justify;\"><b><span lang=\"EN-IN\">Parfait pour le cyclisme <\/span><\/b><\/p>\n<p style=\"text-align: justify;\"><span lang=\"EN-IN\">Majorque est r\u00e9put\u00e9e pour le cyclisme, avec des itin\u00e9raires qui conviennent aussi bien aux d\u00e9butants qu'aux professionnels. En septembre, il est plus facile de faire du v\u00e9lo car les routes sont moins fr\u00e9quent\u00e9es par les touristes et le temps est plus frais. Vous pouvez parcourir les sentiers c\u00f4tiers, gravir les routes de montagne ou profiter des itin\u00e9raires plats de la campagne sans trop vous soucier de la circulation ou de la chaleur extr\u00eame. De nombreux amateurs de cyclisme disent que c'est le mois qu'ils pr\u00e9f\u00e8rent pour visiter la r\u00e9gion. <\/span><\/p>\n<p style=\"text-align: justify;\"><b><span lang=\"EN-IN\">Des offres de voyage plus faciles \u00e0 r\u00e9aliser <\/span><\/b><\/p>\n<p style=\"text-align: justify;\"><span lang=\"EN-IN\">Une autre raison de choisir le mois de septembre est le co\u00fbt. Les prix des vols et des h\u00f4tels baissent souvent apr\u00e8s la p\u00e9riode de pointe de l'\u00e9t\u00e9. Cela signifie que vous pouvez trouver de meilleures offres d'h\u00e9bergement et de vols. Si vous aimez le luxe, vous trouverez peut-\u00eatre m\u00eame des h\u00f4tels et des centres de vill\u00e9giature haut de gamme plus abordables qu'en juillet et en ao\u00fbt. <\/span><\/p>\n<p style=\"text-align: justify;\"><b><span lang=\"EN-IN\">Le temps de l'\u00e9quilibre <\/span><\/b><\/p>\n<p style=\"text-align: justify;\"><span lang=\"EN-IN\">Le mois de septembre est le moment le plus agr\u00e9able de l'ann\u00e9e \u00e0 Majorque. Vous profitez encore des joies de l'\u00e9t\u00e9, mais sans le stress des foules ou des temp\u00e9ratures \u00e9lev\u00e9es. L'\u00eele ralentit juste assez pour que votre voyage soit paisible et agr\u00e9able, tout en \u00e9tant suffisamment anim\u00e9e pour proposer des \u00e9v\u00e9nements, des activit\u00e9s et de beaux moments. <\/span><\/p>\n<h2 style=\"text-align: justify;\"><b><span lang=\"EN-IN\">Explorez Majorque sur deux roues avec Ultimate Bike Hire <\/span><\/b><\/h2>\n<p style=\"text-align: justify;\"><span lang=\"EN-IN\">L'une des meilleures fa\u00e7ons de profiter de Majorque en septembre est de faire du v\u00e9lo. Le temps plus frais, les routes ouvertes et les paysages magnifiques font du v\u00e9lo le choix id\u00e9al. \u00c0 l'adresse<a href=\"https:\/\/www.ultimatebikehiremallorca.com\/fr\/\"><strong> Location de v\u00e9los Ultimate<\/strong><\/a>Nous vous facilitons la t\u00e2che. Vous pouvez louer des v\u00e9los de haute qualit\u00e9 qui r\u00e9pondent \u00e0 vos besoins, que vous souhaitiez faire une balade d\u00e9tendue dans les villages ou vous lancer des d\u00e9fis sur des itin\u00e9raires de montagne. Notre \u00e9quipe vous aidera \u00e0 choisir le bon v\u00e9lo, vous donnera des conseils sur les meilleurs itin\u00e9raires et s'assurera que vous \u00eates pr\u00eat \u00e0 explorer l'\u00eele de la meilleure fa\u00e7on possible - sur deux roues. <\/span><\/p>","protected":false},"excerpt":{"rendered":"<p>Lorsque la plupart des gens pensent \u00e0 Majorque, ils imaginent les chaudes journ\u00e9es d'\u00e9t\u00e9 de juillet et d'ao\u00fbt. Les plages sont pleines, le soleil est fort et les visiteurs de toute l'Europe envahissent l'\u00eele. Mais de nombreux connaisseurs de Majorque affirment que le mois de septembre est en fait le meilleur mois pour visiter l'\u00eele. Pourquoi ? Parce que l'\u00eele est plus calme, le temps [...]<\/p>","protected":false},"author":2,"featured_media":13996,"comment_status":"open","ping_status":"open","sticky":false,"template":"","format":"standard","meta":{"footnotes":""},"categories":[168],"tags":[70,169,46,47],"class_list":["post-13995","post","type-post","status-publish","format-standard","has-post-thumbnail","hentry","category-best-month-to-visit-mallorca","tag-benefit-of-cycling","tag-best-month-to-visit-mallorca","tag-bike-hire-rental","tag-bike-rental-in-mallorca"],"_links":{"self":[{"href":"https:\/\/www.ultimatebikehiremallorca.com\/fr\/wp-json\/wp\/v2\/posts\/13995","targetHints":{"allow":["GET"]}}],"collection":[{"href":"https:\/\/www.ultimatebikehiremallorca.com\/fr\/wp-json\/wp\/v2\/posts"}],"about":[{"href":"https:\/\/www.ultimatebikehiremallorca.com\/fr\/wp-json\/wp\/v2\/types\/post"}],"author":[{"embeddable":true,"href":"https:\/\/www.ultimatebikehiremallorca.com\/fr\/wp-json\/wp\/v2\/users\/2"}],"replies":[{"embeddable":true,"href":"https:\/\/www.ultimatebikehiremallorca.com\/fr\/wp-json\/wp\/v2\/comments?post=13995"}],"version-history":[{"count":0,"href":"https:\/\/www.ultimatebikehiremallorca.com\/fr\/wp-json\/wp\/v2\/posts\/13995\/revisions"}],"wp:featuredmedia":[{"embeddable":true,"href":"https:\/\/www.ultimatebikehiremallorca.com\/fr\/wp-json\/wp\/v2\/media\/13996"}],"wp:attachment":[{"href":"https:\/\/www.ultimatebikehiremallorca.com\/fr\/wp-json\/wp\/v2\/media?parent=13995"}],"wp:term":[{"taxonomy":"category","embeddable":true,"href":"https:\/\/www.ultimatebikehiremallorca.com\/fr\/wp-json\/wp\/v2\/categories?post=13995"},{"taxonomy":"post_tag","embeddable":true,"href":"https:\/\/www.ultimatebikehiremallorca.com\/fr\/wp-json\/wp\/v2\/tags?post=13995"}],"curies":[{"name":"wp","href":"https:\/\/api.w.org\/{rel}","templated":true}]}}