{"id":13987,"date":"2025-08-14T04:49:45","date_gmt":"2025-08-14T04:49:45","guid":{"rendered":"https:\/\/www.ultimatebikehiremallorca.com\/?p=13987"},"modified":"2025-08-14T04:51:14","modified_gmt":"2025-08-14T04:51:14","slug":"best-flat-shaded-cycling-routes-in-hot-mallorca","status":"publish","type":"post","link":"https:\/\/www.ultimatebikehiremallorca.com\/fr\/les-meilleurs-itineraires-cyclables-ombrages-et-plats-dans-la-chaude-mallorque\/","title":{"rendered":"O\u00f9 faire du v\u00e9lo \u00e0 Majorque quand il fait trop chaud pour la montagne ?"},"content":{"rendered":"<p>Majorque est un paradis pour les cyclistes. Avec son ciel ensoleill\u00e9, ses paysages magnifiques et ses villes charmantes, il n'est pas \u00e9tonnant que des cyclistes du monde entier viennent s'y installer. Mais en \u00e9t\u00e9, la chaleur de midi peut rendre l'ascension des montagnes difficile et fatigante. Si vous voulez quand m\u00eame profiter du v\u00e9lo sans vous \u00e9puiser sous la chaleur, la r\u00e9ponse est simple : choisissez des itin\u00e9raires plats, c\u00f4tiers ou ombrag\u00e9s. Ils vous permettront de profiter de l'\u00eele sans souffrir de la chaleur.<\/p>\n<p>Voici quelques-uns des meilleurs endroits pour faire du v\u00e9lo \u00e0 Majorque lorsque les montagnes sont trop chaudes pour \u00eatre support\u00e9es.<\/p>\n<ol>\n<li><strong>De Palma \u00e0 Portixol et au-del\u00e0<\/strong><\/li>\n<\/ol>\n<p>L'un des itin\u00e9raires plats les plus faciles et les plus pittoresques commence \u00e0 Palma. La piste cyclable c\u00f4ti\u00e8re va du centre-ville de Palma \u00e0 Portixol et continue vers Playa de Palma. Ce parcours est parfait pour les d\u00e9butants ou pour les jours o\u00f9 vous souhaitez simplement vous d\u00e9tendre.<\/p>\n<p>Le chemin est presque enti\u00e8rement plat et offre une vue imprenable sur la mer tout au long du parcours. Vous passerez devant des caf\u00e9s, des plages et des petits ports, ce qui vous permettra de vous arr\u00eater pour prendre une boisson fra\u00eeche ou une glace \u00e0 chaque fois que vous en aurez besoin. La brise de la mer rend le chemin plus frais que les routes int\u00e9rieures.<\/p>\n<ol start=\"2\">\n<li><strong>La r\u00e9serve naturelle de S'Albufera<\/strong><\/li>\n<\/ol>\n<p>Si vous recherchez l'ombre et la beaut\u00e9 naturelle, rendez-vous \u00e0 la r\u00e9serve naturelle de S'Albufera, pr\u00e8s d'Alc\u00fadia. La r\u00e9serve propose des chemins calmes et plats, entour\u00e9s d'arbres, de canaux et de zones humides. C'est une promenade paisible o\u00f9 vous pourrez observer les oiseaux.<\/p>\n<p>En \u00e9t\u00e9, les arbres apportent l'ombre n\u00e9cessaire et vous trouverez de nombreux endroits pour vous reposer. Cet itin\u00e9raire est \u00e9galement sans circulation, ce qui est id\u00e9al si vous souhaitez \u00e9viter les routes encombr\u00e9es. N'oubliez pas d'emporter de l'eau et du produit anti-moustique, car vous serez dans une zone naturelle.<\/p>\n<ol start=\"3\">\n<li><strong>De Can Picafort \u00e0 Son Serra de Marina<\/strong><\/li>\n<\/ol>\n<p>Il s'agit d'une belle randonn\u00e9e c\u00f4ti\u00e8re le long du nord-est de Majorque. En partant de Can Picafort, vous suivrez une route plate avec vue sur la mer jusqu'au petit village de Son Serra de Marina.<\/p>\n<p>Le trajet est court et facile, mais le paysage est inoubliable : plages de sable, eaux turquoises, et le bruit des vagues \u00e0 c\u00f4t\u00e9 de vous. Si vous partez t\u00f4t le matin, vous pourrez profiter de temp\u00e9ratures plus fra\u00eeches et admirer le lever du soleil sur la mer.<\/p>\n<ol start=\"4\">\n<li><strong>Route de Campos \u00e0 Col\u00f2nia de Sant Jordi<\/strong><\/li>\n<\/ol>\n<p>Pour un trajet plus long mais toujours plat, essayez de rouler de Campos \u00e0 la Col\u00f2nia de Sant Jordi. La route est en grande partie droite et traverse une campagne paisible. \u00c0 l'arriv\u00e9e, vous trouverez un joli port et des plages o\u00f9 vous pourrez vous rafra\u00eechir.<\/p>\n<p>Il est pr\u00e9f\u00e9rable d'effectuer cet itin\u00e9raire t\u00f4t le matin ou en fin d'apr\u00e8s-midi pour \u00e9viter les heures les plus chaudes. Il y a \u00e9galement des caf\u00e9s \u00e0 Col\u00f2nia de Sant Jordi o\u00f9 vous pouvez prendre une boisson rafra\u00eechissante avant de rentrer.<\/p>\n<ol start=\"5\">\n<li><strong>Parcourir la baie d'Alc\u00fadia \u00e0 v\u00e9lo<\/strong><\/li>\n<\/ol>\n<p>La baie d'Alc\u00fadia est c\u00e9l\u00e8bre pour sa longue plage de sable et ses eaux claires. La route qui longe la baie est plate et offre de belles vues. Vous pouvez partir de la ville d'Alc\u00fadia et suivre la c\u00f4te jusqu'\u00e0 Can Picafort ou m\u00eame plus loin si vous en avez envie.<\/p>\n<p>C'est une bonne option pour les familles, car vous pouvez vous arr\u00eater pour nager, prendre un en-cas ou faire une petite pause chaque fois que vous en avez besoin. La brise marine contribue au confort de la promenade, m\u00eame en \u00e9t\u00e9.<\/p>\n<ol start=\"6\">\n<li><strong>Explorer les villages du Pla de Mallorca<\/strong><\/li>\n<\/ol>\n<p>La plaine centrale de Majorque, connue sous le nom de Pla de Mallorca, regorge de petits villages reli\u00e9s par des routes tranquilles et plates. Des villes comme Sineu, Petra et Santa Margalida sont charmantes et charg\u00e9es d'histoire.<\/p>\n<p>Le cyclisme vous permet de profiter du c\u00f4t\u00e9 rural de l'\u00eele, sans grandes collines. Beaucoup de ces routes sont bord\u00e9es d'arbres, ce qui vous donne un peu d'ombre pendant que vous roulez. Vous trouverez \u00e9galement de nombreuses boulangeries locales o\u00f9 vous pourrez vous arr\u00eater pour prendre un en-cas.<\/p>\n<ol start=\"7\">\n<li><strong>Chemins forestiers ombrag\u00e9s dans l'Est<\/strong><\/li>\n<\/ol>\n<p>Si vous souhaitez de l'ombre et une balade plus fra\u00eeche, dirigez-vous vers la c\u00f4te est o\u00f9 il y a des for\u00eats de pins pr\u00e8s de villes comme Cala Millor et Porto Cristo. Certaines pistes cyclables traversent des zones bois\u00e9es, ce qui permet de se prot\u00e9ger du soleil.<\/p>\n<p>Ces itin\u00e9raires sont g\u00e9n\u00e9ralement calmes et vous entendrez souvent le son des cigales dans les arbres. Ils sont parfaits pour une promenade d\u00e9contract\u00e9e l'apr\u00e8s-midi.<\/p>\n<p><strong>Conseils pour faire du v\u00e9lo sous la chaleur de l'\u00e9t\u00e9<\/strong><\/p>\n<p>M\u00eame sur les routes plates et ombrag\u00e9es, la chaleur estivale \u00e0 Majorque peut \u00eatre forte. Voici quelques conseils pour rendre votre trajet confortable :<\/p>\n<ul>\n<li>Commencez t\u00f4t ou rentrez tard pour \u00e9viter les heures les plus chaudes (11 h - 16 h).<\/li>\n<li>Buvez beaucoup d'eau et emportez des bouteilles suppl\u00e9mentaires.<\/li>\n<li>Portez des v\u00eatements l\u00e9gers et respirants et utilisez de la cr\u00e8me solaire.<\/li>\n<li>Faites des pauses \u00e0 l'ombre pour vous rafra\u00eechir.<\/li>\n<li>Ne poussez pas trop loin - roulez \u00e0 un rythme qui vous semble confortable.<\/li>\n<\/ul>\n<h2><strong>Louer un v\u00e9lo chez \"Ultimate Bike Hire\" (en anglais) <\/strong><\/h2>\n<p>Si vous souhaitez explorer ces magnifiques itin\u00e9raires plats et c\u00f4tiers sans avoir \u00e0 apporter votre propre v\u00e9lo, vous pouvez en louer un aupr\u00e8s de <a href=\"https:\/\/www.ultimatebikehiremallorca.com\/fr\/\"><strong>Location de v\u00e9los Ultimate<\/strong><\/a>. Nous proposons des v\u00e9los de haute qualit\u00e9 pour tous les niveaux, des v\u00e9los de loisir confortables aux v\u00e9los de route performants. Notre \u00e9quipe peut vous aider \u00e0 choisir le v\u00e9lo id\u00e9al pour vos besoins et m\u00eame vous sugg\u00e9rer les meilleurs itin\u00e9raires en fonction de votre niveau de comp\u00e9tence et de la m\u00e9t\u00e9o du jour. Vous pouvez r\u00e9cup\u00e9rer votre v\u00e9lo dans notre magasin ou le faire livrer \u00e0 votre h\u00f4tel ou \u00e0 votre maison de vacances. Ainsi, vous pourrez profiter des magnifiques paysages de Majorque \u00e0 votre rythme, m\u00eame lorsque les montagnes sont trop chaudes pour \u00eatre escalad\u00e9es.<\/p>","protected":false},"excerpt":{"rendered":"<p>Majorque est un paradis pour les cyclistes. Avec son ciel ensoleill\u00e9, ses paysages magnifiques et ses villes charmantes, il n'est pas \u00e9tonnant que des cyclistes du monde entier viennent s'y installer. Mais en \u00e9t\u00e9, la chaleur de midi peut rendre l'ascension des montagnes difficile et fatigante. Si vous souhaitez tout de m\u00eame profiter du cyclisme sans vous \u00e9puiser sous la chaleur, la r\u00e9ponse est [...]<\/p>","protected":false},"author":2,"featured_media":13988,"comment_status":"open","ping_status":"open","sticky":false,"template":"","format":"standard","meta":{"footnotes":""},"categories":[164],"tags":[47,165,120],"class_list":["post-13987","post","type-post","status-publish","format-standard","has-post-thumbnail","hentry","category-cycling-routes-in-hot-mallorca","tag-bike-rental-in-mallorca","tag-cycling-routes-in-hot-mallorca","tag-cycling-vs-driving-in-mallorca"],"_links":{"self":[{"href":"https:\/\/www.ultimatebikehiremallorca.com\/fr\/wp-json\/wp\/v2\/posts\/13987","targetHints":{"allow":["GET"]}}],"collection":[{"href":"https:\/\/www.ultimatebikehiremallorca.com\/fr\/wp-json\/wp\/v2\/posts"}],"about":[{"href":"https:\/\/www.ultimatebikehiremallorca.com\/fr\/wp-json\/wp\/v2\/types\/post"}],"author":[{"embeddable":true,"href":"https:\/\/www.ultimatebikehiremallorca.com\/fr\/wp-json\/wp\/v2\/users\/2"}],"replies":[{"embeddable":true,"href":"https:\/\/www.ultimatebikehiremallorca.com\/fr\/wp-json\/wp\/v2\/comments?post=13987"}],"version-history":[{"count":0,"href":"https:\/\/www.ultimatebikehiremallorca.com\/fr\/wp-json\/wp\/v2\/posts\/13987\/revisions"}],"wp:featuredmedia":[{"embeddable":true,"href":"https:\/\/www.ultimatebikehiremallorca.com\/fr\/wp-json\/wp\/v2\/media\/13988"}],"wp:attachment":[{"href":"https:\/\/www.ultimatebikehiremallorca.com\/fr\/wp-json\/wp\/v2\/media?parent=13987"}],"wp:term":[{"taxonomy":"category","embeddable":true,"href":"https:\/\/www.ultimatebikehiremallorca.com\/fr\/wp-json\/wp\/v2\/categories?post=13987"},{"taxonomy":"post_tag","embeddable":true,"href":"https:\/\/www.ultimatebikehiremallorca.com\/fr\/wp-json\/wp\/v2\/tags?post=13987"}],"curies":[{"name":"wp","href":"https:\/\/api.w.org\/{rel}","templated":true}]}}