{"id":13815,"date":"2025-03-10T04:50:59","date_gmt":"2025-03-10T04:50:59","guid":{"rendered":"https:\/\/www.ultimatebikehiremallorca.com\/?p=13815"},"modified":"2025-05-20T05:06:59","modified_gmt":"2025-05-20T05:06:59","slug":"unexpected-history-of-cycling-in-mallorca","status":"publish","type":"post","link":"https:\/\/www.ultimatebikehiremallorca.com\/fr\/histoire-inattendue-du-cyclisme-a-mallorque\/","title":{"rendered":"L'histoire inattendue du cyclisme \u00e0 Majorque"},"content":{"rendered":"<p style=\"text-align: justify;\"><span lang=\"EN-IN\">Majorque est aujourd'hui connue comme l'une des meilleures destinations cyclistes au monde. Les cyclistes viennent de partout pour profiter de ses routes pittoresques, de ses belles montagnes et de son climat parfait. Mais saviez-vous que Majorque n'a pas toujours \u00e9t\u00e9 un paradis pour les cyclistes ? L'histoire du cyclisme sur cette \u00eele est pleine de surprises. Faisons un tour dans le temps et d\u00e9couvrons comment Majorque est devenue la destination r\u00eav\u00e9e des cyclistes. <\/span><\/p>\n<h2 style=\"text-align: justify;\"><b><span lang=\"EN-IN\">Les d\u00e9buts : L'arriv\u00e9e des bicyclettes <\/span><\/b><\/h2>\n<p style=\"text-align: justify;\"><span lang=\"EN-IN\">Les premi\u00e8res bicyclettes sont apparues \u00e0 Majorque \u00e0 la fin du XIXe si\u00e8cle. \u00c0 l'\u00e9poque, la bicyclette \u00e9tait un moyen de transport nouveau et passionnant. Les gens \u00e9taient fascin\u00e9s par ces machines \u00e0 deux roues, mais seuls les riches pouvaient se les offrir. Les bicyclettes \u00e9taient ch\u00e8res et les routes n'\u00e9taient pas adapt\u00e9es \u00e0 la pratique du v\u00e9lo. La plupart des routes \u00e9taient faites de terre et de pierres, ce qui rendait la pratique du v\u00e9lo difficile. <\/span><\/p>\n<p style=\"text-align: justify;\"><span lang=\"EN-IN\">Malgr\u00e9 les routes d\u00e9fonc\u00e9es, le cyclisme est devenu de plus en plus populaire au fil du temps. Au d\u00e9but des ann\u00e9es 1900, des clubs cyclistes ont commenc\u00e9 \u00e0 se former \u00e0 Palma et dans d'autres parties de l'\u00eele. Ces clubs organisaient des courses et des randonn\u00e9es sur de longues distances, encourageant ainsi un plus grand nombre de personnes \u00e0 essayer le v\u00e9lo. <\/span><\/p>\n<h2 style=\"text-align: justify;\"><b><span lang=\"EN-IN\">Les premi\u00e8res courses cyclistes \u00e0 Majorque <\/span><\/b><\/h2>\n<p style=\"text-align: justify;\"><span lang=\"EN-IN\">Dans les ann\u00e9es 1920, les courses cyclistes sont devenues un \u00e9v\u00e9nement courant \u00e0 Majorque. Les coureurs s'affrontaient sur des routes souvent escarp\u00e9es et difficiles. L'une des premi\u00e8res grandes courses s'est tenue \u00e0 Palma, attirant de nombreux cyclistes locaux. Au fur et \u00e0 mesure que le sport se d\u00e9veloppe, de plus en plus de personnes s'int\u00e9ressent aux courses et au cyclisme de loisir. <\/span><\/p>\n<p style=\"text-align: justify;\"><span lang=\"EN-IN\">\u00c0 cette \u00e9poque, les entreprises locales ont commenc\u00e9 \u00e0 percevoir le potentiel du cyclisme. De petits magasins de v\u00e9los ont commenc\u00e9 \u00e0 ouvrir et des m\u00e9caniciens ont commenc\u00e9 \u00e0 r\u00e9parer les v\u00e9los des cyclistes. La culture du cyclisme \u00e0 Majorque commen\u00e7ait \u00e0 se d\u00e9velopper, mais elle \u00e9tait encore loin d'\u00eatre la destination de classe mondiale qu'elle est aujourd'hui. <\/span><\/p>\n<h2 style=\"text-align: justify;\"><b><span lang=\"EN-IN\">Comment le cyclisme a surv\u00e9cu \u00e0 des temps difficiles <\/span><\/b><\/h2>\n<p style=\"text-align: justify;\"><span lang=\"EN-IN\">Le cyclisme \u00e0 Majorque a \u00e9t\u00e9 confront\u00e9 \u00e0 de nombreux d\u00e9fis au fil des ans. Pendant la guerre civile espagnole (1936-1939), les manifestations cyclistes se sont arr\u00eat\u00e9es car le pays traversait une p\u00e9riode difficile. De nombreuses routes ont \u00e9t\u00e9 endommag\u00e9es et les gens ont eu du mal \u00e0 s'acheter des bicyclettes. <\/span><\/p>\n<p style=\"text-align: justify;\"><span lang=\"EN-IN\">Apr\u00e8s la guerre, l'\u00e9conomie de Majorque s'est lentement redress\u00e9e et le cyclisme est revenu. Dans les ann\u00e9es 1950 et 1960, des cyclistes professionnels ont commenc\u00e9 \u00e0 s'entra\u00eener sur l'\u00eele. Ils trouvaient le terrain vallonn\u00e9 de Majorque parfait pour am\u00e9liorer leur force et leur endurance. Avec le d\u00e9veloppement du tourisme \u00e0 Majorque, de plus en plus de visiteurs ont apport\u00e9 leur bicyclette pour explorer l'\u00eele. <\/span><\/p>\n<h2 style=\"text-align: justify;\"><b><span lang=\"EN-IN\">L'essor du cyclisme professionnel \u00e0 Majorque <\/span><\/b><\/h2>\n<p style=\"text-align: justify;\"><span lang=\"EN-IN\">Dans les ann\u00e9es 1980, Majorque gagne en popularit\u00e9 aupr\u00e8s des cyclistes professionnels. Les \u00e9quipes europ\u00e9ennes ont commenc\u00e9 \u00e0 visiter l'\u00eele pour des camps d'entra\u00eenement. Le climat doux, les routes tranquilles et les ascensions de montagne difficiles faisaient de Majorque un choix de premier ordre pour l'entra\u00eenement hivernal. <\/span><\/p>\n<p style=\"text-align: justify;\"><span lang=\"EN-IN\">L'un des plus grands moments de l'histoire du cyclisme \u00e0 Majorque s'est produit dans les ann\u00e9es 1990. Le gouvernement espagnol et les autorit\u00e9s locales ont vu le potentiel du cyclotourisme. Ils ont investi dans l'am\u00e9lioration des routes, les rendant plus fluides et plus s\u00fbres pour les cyclistes. Les h\u00f4tels ont \u00e9galement commenc\u00e9 \u00e0 offrir des services sp\u00e9ciaux aux cyclistes, tels que la location de v\u00e9los, l'entreposage et les visites guid\u00e9es. <\/span><\/p>\n<p style=\"text-align: justify;\"><span lang=\"EN-IN\">Cet investissement a port\u00e9 ses fruits et, au d\u00e9but des ann\u00e9es 2000, Majorque \u00e9tait consid\u00e9r\u00e9e comme le paradis des cyclistes. Des \u00e9quipes professionnelles et des cyclistes amateurs du monde entier venaient rouler sur les routes c\u00e9l\u00e8bres de l'\u00eele, telles que Sa Calobra, Cap de Formentor et Puig Major. <\/span><\/p>\n<h2 style=\"text-align: justify;\"><b><span lang=\"EN-IN\">Le cyclisme aujourd'hui : Un \u00e9l\u00e9ment majeur de la culture majorquine <\/span><\/b><\/h2>\n<p style=\"text-align: justify;\"><span lang=\"EN-IN\">Aujourd'hui, le cyclisme fait partie int\u00e9grante de l'identit\u00e9 de Majorque. L'\u00eele accueille de grands \u00e9v\u00e9nements cyclistes, tels que la Mallorca 312, qui attire des milliers de cyclistes chaque ann\u00e9e. Les entreprises de location de v\u00e9los se sont d\u00e9velopp\u00e9es, permettant aux visiteurs d'explorer l'\u00eele sur deux roues sans avoir \u00e0 apporter leur propre v\u00e9lo. <\/span><\/p>\n<p style=\"text-align: justify;\"><span lang=\"EN-IN\">Les routes de Majorque sont d\u00e9sormais adapt\u00e9es aux cyclistes, avec un asphalte lisse et une signalisation claire. De nombreux petits villages accueillent les cyclistes \u00e0 bras ouverts, proposant des repas et des boissons sp\u00e9ciales pour faire le plein apr\u00e8s de longues randonn\u00e9es. <\/span><\/p>\n<h2 style=\"text-align: justify;\"><b><span lang=\"EN-IN\">Louer un v\u00e9lo avec Ultimate Bike Hire<\/span><\/b><\/h2>\n<p style=\"text-align: justify;\"><span lang=\"EN-IN\">Si vous envisagez d'explorer Majorque sur deux roues, la location d'un v\u00e9lo est l'option la plus simple et la plus pratique. Nous proposons des v\u00e9los de haute qualit\u00e9 pour tous les niveaux, des explorateurs occasionnels aux cyclistes exp\u00e9riment\u00e9s. Et le plus beau, c'est que nous livrons le v\u00e9lo directement chez vous. Nous livrons le v\u00e9lo directement \u00e0 votre porte, pour que vous puissiez partir \u00e0 l'aventure en toute tranquillit\u00e9. Que vous souhaitiez parcourir des routes c\u00f4ti\u00e8res pittoresques, escalader des montagnes ou simplement profiter d'un voyage d\u00e9tendu \u00e0 travers de charmants villages, nous avons le v\u00e9lo id\u00e9al pour vous.<a href=\"https:\/\/www.ultimatebikehiremallorca.com\/fr\/reservation\/\"><strong> Livre<\/strong> <\/a>avec nous d\u00e8s aujourd'hui et faites de votre exp\u00e9rience cycliste \u00e0 Majorque une exp\u00e9rience inoubliable !<\/span><\/p>\n<h2 style=\"text-align: justify;\"><b><span lang=\"EN-IN\">Conclusion : Un voyage qui en vaut la peine <\/span><\/b><\/h2>\n<p style=\"text-align: justify;\"><span lang=\"EN-IN\">L'histoire du cyclisme \u00e0 Majorque est une histoire de passion, de d\u00e9fis et de transformation. Des chemins de terre accident\u00e9s \u00e0 une destination cycliste de classe mondiale, l'\u00eele a parcouru un long chemin. Que vous soyez un professionnel ou un cycliste occasionnel, Majorque offre une exp\u00e9rience cycliste sans pareille. <\/span><\/p>\n<p style=\"text-align: justify;\"><span lang=\"EN-IN\">Ainsi, la prochaine fois que vous<a href=\"https:\/\/www.ultimatebikehiremallorca.com\/fr\/location-de-velos-a-majorque\/\"><strong> louer un v\u00e9lo \u00e0 Majorque<\/strong><\/a>Les cyclistes ne doivent pas oublier qu'ils roulent au c\u0153ur de l'histoire. Profitez du voyage et d\u00e9couvrez pourquoi Majorque reste un choix de premier ordre pour les cyclistes du monde entier ! <\/span><\/p>","protected":false},"excerpt":{"rendered":"<p>Majorque est aujourd'hui connue comme l'une des meilleures destinations cyclistes au monde. Les cyclistes viennent de partout pour profiter de ses routes pittoresques, de ses belles montagnes et de son climat parfait. Mais saviez-vous que Majorque n'a pas toujours \u00e9t\u00e9 un paradis pour les cyclistes ? L'histoire du cyclisme sur cette \u00eele est pleine de surprises. Prenons [...]<\/p>","protected":false},"author":2,"featured_media":13704,"comment_status":"open","ping_status":"open","sticky":false,"template":"","format":"standard","meta":{"footnotes":""},"categories":[118],"tags":[117],"class_list":["post-13815","post","type-post","status-publish","format-standard","has-post-thumbnail","hentry","category-the-unexpected-history","tag-the-unexpected-history-of-cycling-in-mallorca"],"_links":{"self":[{"href":"https:\/\/www.ultimatebikehiremallorca.com\/fr\/wp-json\/wp\/v2\/posts\/13815","targetHints":{"allow":["GET"]}}],"collection":[{"href":"https:\/\/www.ultimatebikehiremallorca.com\/fr\/wp-json\/wp\/v2\/posts"}],"about":[{"href":"https:\/\/www.ultimatebikehiremallorca.com\/fr\/wp-json\/wp\/v2\/types\/post"}],"author":[{"embeddable":true,"href":"https:\/\/www.ultimatebikehiremallorca.com\/fr\/wp-json\/wp\/v2\/users\/2"}],"replies":[{"embeddable":true,"href":"https:\/\/www.ultimatebikehiremallorca.com\/fr\/wp-json\/wp\/v2\/comments?post=13815"}],"version-history":[{"count":0,"href":"https:\/\/www.ultimatebikehiremallorca.com\/fr\/wp-json\/wp\/v2\/posts\/13815\/revisions"}],"wp:featuredmedia":[{"embeddable":true,"href":"https:\/\/www.ultimatebikehiremallorca.com\/fr\/wp-json\/wp\/v2\/media\/13704"}],"wp:attachment":[{"href":"https:\/\/www.ultimatebikehiremallorca.com\/fr\/wp-json\/wp\/v2\/media?parent=13815"}],"wp:term":[{"taxonomy":"category","embeddable":true,"href":"https:\/\/www.ultimatebikehiremallorca.com\/fr\/wp-json\/wp\/v2\/categories?post=13815"},{"taxonomy":"post_tag","embeddable":true,"href":"https:\/\/www.ultimatebikehiremallorca.com\/fr\/wp-json\/wp\/v2\/tags?post=13815"}],"curies":[{"name":"wp","href":"https:\/\/api.w.org\/{rel}","templated":true}]}}