{"id":13597,"date":"2024-12-10T05:43:42","date_gmt":"2024-12-10T05:43:42","guid":{"rendered":"https:\/\/www.ultimatebikehiremallorca.com\/?p=13597"},"modified":"2024-12-10T05:43:42","modified_gmt":"2024-12-10T05:43:42","slug":"a-day-in-palma-discover-history-art-and-culture","status":"publish","type":"post","link":"https:\/\/www.ultimatebikehiremallorca.com\/fr\/une-journee-a-palma-pour-decouvrir-lhistoire-lart-et-la-culture\/","title":{"rendered":"Une journ\u00e9e \u00e0 Palma pour d\u00e9couvrir l'histoire, l'art et la culture de la capitale"},"content":{"rendered":"<p>Palma, la capitale de Majorque, est une ville dynamique et historique. Elle se caract\u00e9rise par des rues minuscules, des b\u00e2timents majestueux et une sc\u00e8ne artistique florissante. La ville allie traditions anciennes et culture moderne. En une journ\u00e9e, vous pourrez d\u00e9couvrir son histoire, admirer son art et go\u00fbter \u00e0 sa cuisine si particuli\u00e8re.<\/p>\n<p>Voici comment passer une journ\u00e9e \u00e0 explorer les merveilles de Palma.<\/p>\n<h2>Matin : D\u00e9couverte de l'histoire de Palma<\/h2>\n<p><strong>Cath\u00e9drale de La Seu : Un bon d\u00e9part<\/strong><\/p>\n<p>Commencez la journ\u00e9e par la cath\u00e9drale de La Seu. C'est l'un des monuments les plus reconnaissables de Palma. Cet immense ch\u00e2teau gothique offre une vue pittoresque sur la ville et la mer. \u00c0 l'int\u00e9rieur, les vitraux brillants laissent passer le soleil. Antoni Gaud\u00ed et d'autres artistes ont ajout\u00e9 des \u00e9l\u00e9ments uniques \u00e0 la conception.<\/p>\n<p>La cath\u00e9drale respire la tranquillit\u00e9 et la grandeur. Prenez le temps d'appr\u00e9cier sa beaut\u00e9.<\/p>\n<p><strong>Les bains arabes sont un lieu de retraite tranquille.<\/strong><\/p>\n<p>Ensuite, vous vous rendrez aux bains arabes. Ces anciens bains sont modestes, mais uniques. Ils ont \u00e9t\u00e9 construits au Xe si\u00e8cle et rappellent l'histoire mauresque de Palma. Les bains sont entour\u00e9s d'un jardin paisible. \u00c0 l'int\u00e9rieur, vous verrez des colonnes antiques et un d\u00f4me avec de minuscules lucarnes. Pensez aux personnes qui venaient ici pour se d\u00e9tendre. C'est un cadre paisible pour contempler l'histoire de la ville.<\/p>\n<h2>Midi : Explorer l'art et la cr\u00e9ativit\u00e9<\/h2>\n<p><strong>Mus\u00e9e Es Baluard, l'art avec vue<\/strong><\/p>\n<p>Passez la fin de la matin\u00e9e au mus\u00e9e Es Baluard. Il est situ\u00e9 \u00e0 l'int\u00e9rieur des remparts historiques de Palma. Ce mus\u00e9e pr\u00e9sente de l'art moderne et contemporain. On y trouve des peintures d'artistes c\u00e9l\u00e8bres tels que Joan Mir\u00f3 et Pablo Picasso. \u00c0 l'ext\u00e9rieur, les terrasses du mus\u00e9e offrent une vue imprenable sur la mer et la ville.<\/p>\n<p><strong>Galeries d'art cach\u00e9es dans la vieille ville<\/strong><\/p>\n<p>Apr\u00e8s le mus\u00e9e, visitez la vieille ville. Elle regorge de galeries d'art modestes. Ces espaces pr\u00e9sentent des \u0153uvres d'artistes locaux et internationaux. Chaque galerie a son propre charme. Les explorer s'apparente \u00e0 une chasse au tr\u00e9sor cr\u00e9ative.<\/p>\n<p><strong>Fondation Joan Mir\u00f3 : Un studio unique<\/strong><\/p>\n<p>Plus tard, vous vous rendrez \u00e0 la Fondation Joan Mir\u00f3. Il s'agit de l'atelier o\u00f9 le c\u00e9l\u00e8bre artiste Joan Mir\u00f3 a travaill\u00e9 pendant de nombreuses ann\u00e9es. Vous pourrez y admirer ses peintures, ses sculptures et ses outils. L'atelier est entour\u00e9 de magnifiques jardins. C'est un endroit id\u00e9al pour profiter de l'art et de la nature.<\/p>\n<p><strong>L'apr\u00e8s-midi : Alimentation et culture <\/strong><\/p>\n<p>D\u00e9gustation de saveurs locales.<\/p>\n<p>Pour le d\u00e9jeuner, d\u00e9gustez une authentique cuisine majorquine. Visitez un march\u00e9 local, comme le Mercat del'Olivar ou le Mercat de Santa Catalina. Ces march\u00e9s regorgent de produits frais, de fromages et de p\u00e2tisseries. Essayez le pa amb oli, un plat simple mais excellent compos\u00e9 de pain avec de l'huile d'olive et des tomates. Compl\u00e9tez votre repas par une gorg\u00e9e de vin majorquin. N'oubliez pas de go\u00fbter \u00e0 l'ensaimada, un dessert local tr\u00e8s appr\u00e9ci\u00e9.<\/p>\n<p><strong>Passeig del Born : une promenade de charme <\/strong><\/p>\n<p>Apr\u00e8s le d\u00e9jeuner, descendez le Passeig del Born. Il s'agit d'une rue bord\u00e9e d'arbres dans le centre de Palma. Elle est id\u00e9ale pour faire du shopping ou se d\u00e9tendre. Arr\u00eatez-vous dans un caf\u00e9, prenez un caf\u00e9 et observez la foule qui passe. La rue est anim\u00e9e et vivante.<\/p>\n<p><strong>Soir\u00e9e : La fin id\u00e9ale <\/strong><\/p>\n<p>La Lonja : Histoire du coucher de soleil<\/p>\n<p>\u00c0 la tomb\u00e9e de la nuit, rendez-vous \u00e0 La Lonja. Ce quartier est r\u00e9put\u00e9 pour son atmosph\u00e8re anim\u00e9e et son architecture gothique. Autrefois bourse des marchands, l'\u00e9difice de la Lonja b\u00e9n\u00e9ficie d'un \u00e9clairage nocturne exceptionnel. Pour ajouter au charme, des musiciens se produisent fr\u00e9quemment dans les rues.<\/p>\n<p>Savourer la soir\u00e9e<\/p>\n<p>Pour terminer la journ\u00e9e, prenez un verre dans un bar sur le toit ou dans un endroit pittoresque au bord de la plage. Go\u00fbtez \u00e0 la liqueur \u00e0 base de plantes de l'\u00eele, les hierbas mallorquinas. La cath\u00e9drale est visible d'ici et brille dans l'obscurit\u00e9. C'est la fa\u00e7on id\u00e9ale de dire adieu \u00e0 Palma, et la vue est \u00e0 couper le souffle.<\/p>\n<p>Palma est une ville riche en contrastes. Elle int\u00e8gre sans effort l'art, la culture et l'histoire. Il y a quelque chose \u00e0 d\u00e9couvrir \u00e0 chaque coin de rue. Une journ\u00e9e pass\u00e9e ici est plus qu'un simple voyage, c'est une exp\u00e9rience inoubliable. D\u00e9couvrez, amusez-vous et laissez-vous influencer par Palma.<\/p>\n<h2>Besoin d'un v\u00e9lo \u00e0 louer ? Nous sommes l\u00e0<\/h2>\n<p>Pour tous ceux qui souhaitent faire du v\u00e9lo dans les paysages \u00e0 couper le souffle de Majorque, nous sommes toujours l\u00e0 pour s'en occuper. Nous proposons aux cyclistes de tous niveaux une s\u00e9lection de v\u00e9los de premi\u00e8re qualit\u00e9. Il est facile de <a href=\"https:\/\/www.ultimatebikehiremallorca.com\/fr\/avantages-de-la-location-dun-velo-par-rapport-a-la-location-dun-velo-personnel\/\"><strong>louer un v\u00e9lo<\/strong><\/a> Il vous suffit de vous rendre sur notre site Internet ou dans notre magasin physique, de choisir le mod\u00e8le qui convient \u00e0 votre excursion et de venir le chercher \u00e0 l'heure qui vous convient. Ne vous inqui\u00e9tez pas, nous livrons \u00e9galement sur place. Nos v\u00e9los sont id\u00e9aux pour explorer les routes les plus pittoresques de Majorque, que ce soit le long des sentiers pittoresques du littoral ou \u00e0 travers les montagnes sauvages de la Tramuntana.<\/p>","protected":false},"excerpt":{"rendered":"<p>Palma, la capitale de Majorque, est une ville dynamique et historique. Elle se caract\u00e9rise par des rues minuscules, des b\u00e2timents majestueux et une sc\u00e8ne artistique florissante. La ville allie traditions anciennes et culture moderne. En une journ\u00e9e, vous pourrez d\u00e9couvrir son histoire, admirer son art et go\u00fbter \u00e0 sa cuisine si particuli\u00e8re. Voici comment passer une journ\u00e9e \u00e0 explorer les merveilles de Palma. Le matin : D\u00e9couverte de Palma [...]<\/p>","protected":false},"author":2,"featured_media":13598,"comment_status":"open","ping_status":"open","sticky":false,"template":"","format":"standard","meta":{"footnotes":""},"categories":[82],"tags":[100,102,101],"class_list":["post-13597","post","type-post","status-publish","format-standard","has-post-thumbnail","hentry","category-cycling","tag-a-day-in-palma-discover-history","tag-and-culture","tag-art"],"_links":{"self":[{"href":"https:\/\/www.ultimatebikehiremallorca.com\/fr\/wp-json\/wp\/v2\/posts\/13597","targetHints":{"allow":["GET"]}}],"collection":[{"href":"https:\/\/www.ultimatebikehiremallorca.com\/fr\/wp-json\/wp\/v2\/posts"}],"about":[{"href":"https:\/\/www.ultimatebikehiremallorca.com\/fr\/wp-json\/wp\/v2\/types\/post"}],"author":[{"embeddable":true,"href":"https:\/\/www.ultimatebikehiremallorca.com\/fr\/wp-json\/wp\/v2\/users\/2"}],"replies":[{"embeddable":true,"href":"https:\/\/www.ultimatebikehiremallorca.com\/fr\/wp-json\/wp\/v2\/comments?post=13597"}],"version-history":[{"count":0,"href":"https:\/\/www.ultimatebikehiremallorca.com\/fr\/wp-json\/wp\/v2\/posts\/13597\/revisions"}],"wp:featuredmedia":[{"embeddable":true,"href":"https:\/\/www.ultimatebikehiremallorca.com\/fr\/wp-json\/wp\/v2\/media\/13598"}],"wp:attachment":[{"href":"https:\/\/www.ultimatebikehiremallorca.com\/fr\/wp-json\/wp\/v2\/media?parent=13597"}],"wp:term":[{"taxonomy":"category","embeddable":true,"href":"https:\/\/www.ultimatebikehiremallorca.com\/fr\/wp-json\/wp\/v2\/categories?post=13597"},{"taxonomy":"post_tag","embeddable":true,"href":"https:\/\/www.ultimatebikehiremallorca.com\/fr\/wp-json\/wp\/v2\/tags?post=13597"}],"curies":[{"name":"wp","href":"https:\/\/api.w.org\/{rel}","templated":true}]}}