{"id":14021,"date":"2025-10-02T05:55:09","date_gmt":"2025-10-02T05:55:09","guid":{"rendered":"https:\/\/www.ultimatebikehiremallorca.com\/?p=14021"},"modified":"2025-10-02T05:56:02","modified_gmt":"2025-10-02T05:56:02","slug":"what-locals-do-in-mallorca","status":"publish","type":"post","link":"https:\/\/www.ultimatebikehiremallorca.com\/es\/que-hacen-los-mallorquines-en-mallorca\/","title":{"rendered":"Qu\u00e9 hacen los mallorquines cuando acaba el verano"},"content":{"rendered":"<p style=\"text-align: justify;\"><span lang=\"EN-IN\">Cuando la mayor\u00eda de la gente piensa en Mallorca, imagina vacaciones de verano, playas soleadas y largas excursiones en bicicleta bajo el sol mediterr\u00e1neo. Pero la vida en la isla no se detiene cuando acaba el verano. De hecho, para los mallorquines, el oto\u00f1o trae consigo un estilo de vida m\u00e1s tranquilo y tradicional. Las multitudes se marchan, el tiempo refresca y la isla vuelve poco a poco a su propio ritmo. Si quiere entender la verdadera Mallorca, tiene que ver lo que ocurre despu\u00e9s del verano. <\/span><\/p>\n<h2 style=\"text-align: justify;\"><b><span lang=\"EN-IN\">Un ritmo de vida m\u00e1s lento <\/span><\/b><\/h2>\n<p style=\"text-align: justify;\"><span lang=\"EN-IN\">Cuando llega septiembre, las playas no est\u00e1n tan concurridas y las calles son m\u00e1s tranquilas. Los lugare\u00f1os disfrutan por fin de su isla sin el ajetreo de los turistas. Las familias pasean al atardecer por la orilla del mar, y los peque\u00f1os caf\u00e9s vuelven a llenarse de lugare\u00f1os en lugar de visitantes. El ambiente es relajado, casi como si la isla se tomara un respiro tras la ajetreada temporada estival. <\/span><\/p>\n<p style=\"text-align: justify;\"><span lang=\"EN-IN\">Para los mallorquines, el oto\u00f1o es una \u00e9poca de reencuentro con la familia y la comunidad. La gente pasa m\u00e1s tiempo en casa, cocinando juntos o disfrutando de un caf\u00e9 en una terraza con los amigos. Este ritmo m\u00e1s pausado es algo que muchos mallorquines esperan durante todo el a\u00f1o. <\/span><\/p>\n<h2 style=\"text-align: justify;\"><b><span lang=\"EN-IN\">Temporada de cosechas y alimentos locales <\/span><\/b><\/h2>\n<p style=\"text-align: justify;\"><span lang=\"EN-IN\">El oto\u00f1o es tambi\u00e9n tiempo de cosecha. Mallorca tiene una fuerte tradici\u00f3n agr\u00edcola, y el final del verano trae muchos alimentos frescos. En septiembre y octubre se recogen uvas, almendras y aceitunas. Las familias suelen reunirse para la recogida de la aceituna, que es a la vez un duro trabajo y un acontecimiento social. <\/span><\/p>\n<p style=\"text-align: justify;\"><span lang=\"EN-IN\">Es la \u00e9poca en que los lugare\u00f1os preparan dulces a base de aceite de oliva y almendras. Los mercados se llenan de productos de temporada como higos, setas y vino reci\u00e9n hecho. Un evento popular es la Fira de sa Mel (Feria de la Miel) en Llub\u00ed, donde se vende miel local y dulces tradicionales. Para muchos mallorquines, estas ferias son una oportunidad de celebrar su cultura y disfrutar de la comida casera. <\/span><\/p>\n<h2 style=\"text-align: justify;\"><b><span lang=\"EN-IN\">Fiestas y tradiciones <\/span><\/b><\/h2>\n<p style=\"text-align: justify;\"><span lang=\"EN-IN\">Incluso despu\u00e9s del verano, las fiestas siguen siendo una parte importante de la vida local. En noviembre, la ciudad de Inca celebra el Dijous Bo, una de las mayores ferias de la isla. Es famosa por la comida local, las ferias de ganado y la artesan\u00eda tradicional. Familias de toda Mallorca visitan la feria para comprar, comer y hacer amigos. <\/span><\/p>\n<p style=\"text-align: justify;\"><span lang=\"EN-IN\">Otra tradici\u00f3n importante es el d\u00eda de Sant Miquel, a finales de septiembre, que marca el final del verano. Muchos pueblos lo celebran con m\u00fasica, bailes y actos religiosos. Estas fiestas locales demuestran hasta qu\u00e9 punto los mallorquines valoran sus tradiciones y su comunidad. <\/span><\/p>\n<h3 style=\"text-align: justify;\"><b><span lang=\"EN-IN\">Paseos por la naturaleza y vida al aire libre <\/span><\/b><\/h3>\n<p style=\"text-align: justify;\"><span lang=\"EN-IN\">Aunque los turistas suelen venir por las playas, los lugare\u00f1os saben que el oto\u00f1o es la estaci\u00f3n perfecta para las actividades al aire libre. El tiempo es m\u00e1s fresco y la Serra de Tramuntana se convierte en uno de los lugares favoritos para practicar senderismo y ciclismo. Las familias pasan los fines de semana paseando por el campo, recogiendo setas o disfrutando de picnics. <\/span><\/p>\n<p style=\"text-align: justify;\"><span lang=\"EN-IN\">El ciclismo tambi\u00e9n contin\u00faa en oto\u00f1o. Las carreteras son m\u00e1s seguras con menos coches, y muchos lugare\u00f1os disfrutan pedaleando por la costa o a trav\u00e9s de peque\u00f1os pueblos. Es una \u00e9poca en la que los residentes pueden recuperar la belleza natural de su isla. <\/span><\/p>\n<h3 style=\"text-align: justify;\"><b><span lang=\"EN-IN\">Prepararse para el invierno <\/span><\/b><\/h3>\n<p style=\"text-align: justify;\"><span lang=\"EN-IN\">Despu\u00e9s del verano, los mallorquines tambi\u00e9n se preparan para los meses m\u00e1s fr\u00edos que se avecinan. Las tiendas empiezan a vender ropa m\u00e1s abrigada y muchas familias se preparan para pasar m\u00e1s tiempo en casa. Los platos tradicionales, como las sopas mallorquinas, vuelven a las mesas. Estos peque\u00f1os cambios recuerdan a los lugare\u00f1os que las estaciones cambian, incluso en un clima mediterr\u00e1neo. <\/span><\/p>\n<p style=\"text-align: justify;\"><span lang=\"EN-IN\">El final del verano tambi\u00e9n significa que muchas personas vuelven a la rutina. Los ni\u00f1os vuelven al colegio y los adultos se adaptan a sus horarios de trabajo. Sin embargo, sigue habiendo un gran inter\u00e9s por el equilibrio: encontrar tiempo para la familia, los amigos y las tradiciones. <\/span><\/p>\n<h3 style=\"text-align: justify;\"><b><span lang=\"EN-IN\">Por qu\u00e9 es importante para los visitantes <\/span><\/b><\/h3>\n<p style=\"text-align: justify;\"><span lang=\"EN-IN\">Para los turistas, el oto\u00f1o en Mallorca es una oportunidad de vivir la isla de una forma diferente. En lugar de playas abarrotadas, encontrar\u00e1 pueblos tranquilos. En lugar de concurridos restaurantes, podr\u00e1 disfrutar de tranquilos caf\u00e9s locales. Siguiendo lo que hacen los lugare\u00f1os, podr\u00e1 descubrir el aut\u00e9ntico coraz\u00f3n de Mallorca. <\/span><\/p>\n<p style=\"text-align: justify;\"><span lang=\"EN-IN\">Visitar la isla despu\u00e9s del verano tambi\u00e9n significa que puede participar en las fiestas locales, degustar la comida de temporada y disfrutar de actividades al aire libre sin el calor. Es una \u00e9poca en la que Mallorca se siente m\u00e1s personal, m\u00e1s real y m\u00e1s conectada con sus tradiciones. <\/span><\/p>\n<h4 style=\"text-align: justify;\"><b><span lang=\"EN-IN\">Explore Mallorca en bicicleta con Ultimate Bike Hire <\/span><\/b><\/h4>\n<p style=\"text-align: justify;\"><span lang=\"EN-IN\">Una de las mejores formas de disfrutar de Mallorca como un lugare\u00f1o es en bicicleta. Con menos coches en la carretera y un tiempo m\u00e1s fresco, ir en bicicleta en oto\u00f1o es un aut\u00e9ntico placer. En <a href=\"https:\/\/www.ultimatebikehiremallorca.com\/es\/\"><strong>Alquiler de bicicletas Ultimate<\/strong><\/a>te lo ponemos f\u00e1cil para que explores la isla sobre dos ruedas. Tanto si quiere recorrer la costa, descubrir pueblos escondidos o pedalear por la Sierra de Tramuntana, tenemos la bicicleta adecuada para usted. Alquilar una bicicleta con nosotros es sencillo, y nuestro equipo puede guiarle con rutas y consejos para que su viaje sea inolvidable. Descubra Mallorca a su ritmo, como lo hacen los mallorquines. <\/span><\/p>","protected":false},"excerpt":{"rendered":"<p>Cuando la mayor\u00eda de la gente piensa en Mallorca, imagina vacaciones de verano, playas soleadas y largas excursiones en bicicleta bajo el sol mediterr\u00e1neo. Pero la vida en la isla no se detiene cuando acaba el verano. De hecho, para los mallorquines, el oto\u00f1o trae consigo un estilo de vida m\u00e1s tranquilo y tradicional. Las multitudes se marchan, el tiempo refresca y la isla vuelve lentamente [...]<\/p>","protected":false},"author":2,"featured_media":14022,"comment_status":"open","ping_status":"open","sticky":false,"template":"","format":"standard","meta":{"footnotes":""},"categories":[172],"tags":[70,47,112,173],"class_list":["post-14021","post","type-post","status-publish","format-standard","has-post-thumbnail","hentry","category-what-the-locals-do-in-mallorca","tag-benefit-of-cycling","tag-bike-rental-in-mallorca","tag-cycling-in-mallorca","tag-what-locals-do-in-mallorca-after-summer-ends"],"_links":{"self":[{"href":"https:\/\/www.ultimatebikehiremallorca.com\/es\/wp-json\/wp\/v2\/posts\/14021","targetHints":{"allow":["GET"]}}],"collection":[{"href":"https:\/\/www.ultimatebikehiremallorca.com\/es\/wp-json\/wp\/v2\/posts"}],"about":[{"href":"https:\/\/www.ultimatebikehiremallorca.com\/es\/wp-json\/wp\/v2\/types\/post"}],"author":[{"embeddable":true,"href":"https:\/\/www.ultimatebikehiremallorca.com\/es\/wp-json\/wp\/v2\/users\/2"}],"replies":[{"embeddable":true,"href":"https:\/\/www.ultimatebikehiremallorca.com\/es\/wp-json\/wp\/v2\/comments?post=14021"}],"version-history":[{"count":0,"href":"https:\/\/www.ultimatebikehiremallorca.com\/es\/wp-json\/wp\/v2\/posts\/14021\/revisions"}],"wp:featuredmedia":[{"embeddable":true,"href":"https:\/\/www.ultimatebikehiremallorca.com\/es\/wp-json\/wp\/v2\/media\/14022"}],"wp:attachment":[{"href":"https:\/\/www.ultimatebikehiremallorca.com\/es\/wp-json\/wp\/v2\/media?parent=14021"}],"wp:term":[{"taxonomy":"category","embeddable":true,"href":"https:\/\/www.ultimatebikehiremallorca.com\/es\/wp-json\/wp\/v2\/categories?post=14021"},{"taxonomy":"post_tag","embeddable":true,"href":"https:\/\/www.ultimatebikehiremallorca.com\/es\/wp-json\/wp\/v2\/tags?post=14021"}],"curies":[{"name":"wp","href":"https:\/\/api.w.org\/{rel}","templated":true}]}}