{"id":14050,"date":"2025-11-25T09:59:33","date_gmt":"2025-11-25T09:59:33","guid":{"rendered":"https:\/\/www.ultimatebikehiremallorca.com\/?p=14050"},"modified":"2025-12-11T07:08:08","modified_gmt":"2025-12-11T07:08:08","slug":"autumn-to-winter-in-mallorca-a-magical-transformation","status":"publish","type":"post","link":"https:\/\/www.ultimatebikehiremallorca.com\/de\/herbst-bis-winter-in-mallorc\/","title":{"rendered":"Herbst bis Winter auf Mallorca: Wie sich die Insel verwandelt"},"content":{"rendered":"<p>Die meisten Menschen denken bei Mallorca an ein Sommerreiseziel, an Sonne, Str\u00e4nde und Fahrr\u00e4der am Meer. Aber wer l\u00e4nger bleibt oder zwischen Oktober und Februar kommt, entdeckt etwas ganz anderes. Die Insel \u00e4ndert ihren Rhythmus. Die Menschenmassen verschwinden, die Luft k\u00fchlt ab, und Mallorca wird sanfter, ruhiger und authentischer.<\/p>\n<h2><strong>Goldener Herbst: Ernte und Beschaulichkeit <\/strong><\/h2>\n<p>Der Herbst auf Mallorca beginnt etwa Ende September und dauert bis November. Die Sonne ist noch warm, aber die Tage sind angenehm bei 20 bis 25\u00b0C. Die Str\u00e4nde sind ruhig, das Meer noch badef\u00e4hig und die Berge leuchten in Gold- und Braunt\u00f6nen.<\/p>\n<p>Es ist die Zeit der Ernte. Die Felder sind voll mit reifen Orangen, Mandeln, Oliven und Trauben. Kleine D\u00f6rfer erwachen mit lokalen Erntefesten zum Leben, bei denen die Menschen das Land und seine Produkte feiern. Die Fira de la Mel (Honigmesse) in Llub\u00ed, die Fira de Tardor (Herbstmesse) in Inca und die Fira del Vi (Weinmesse) in Binissalem sind nur einige von ihnen. Wenn Sie \u00fcber diese M\u00e4rkte schlendern, werden Sie ger\u00f6stete Kastanien riechen, lokalen Honig probieren und Familien sehen, die sich zu Live-Musik und hausgemachten Speisen treffen.<\/p>\n<p>Zu dieser Jahreszeit ist Radfahren das reinste Vergn\u00fcgen. Die Stra\u00dfen sind ruhig, und das Wetter ist perfekt f\u00fcr lange Fahrten durch Weinberge, Olivenhaine und ruhige Steind\u00f6rfer. Sie k\u00f6nnen von den Orangent\u00e4lern von S\u00f3ller bis zu den kurvenreichen Stra\u00dfen von Dei\u00e0 fahren und dabei f\u00fcr frischen Orangensaft oder einen Kaffee in der Sonne anhalten.<\/p>\n<h2><strong>Der \u00dcbergang zum Winter: Ruhige und knackige Luft <\/strong><\/h2>\n<p>Im November wird es auf der Insel langsam ruhiger. Einige Strandbars und Restaurants schlie\u00dfen f\u00fcr die Saison, aber viele Einheimische betrachten dies als die beste Zeit des Jahres. Die Touristen sind weg, und Mallorca kehrt zu seinem friedlichen Wesen zur\u00fcck.<\/p>\n<p>Das Tramuntana-Gebirge wird zum Spielplatz f\u00fcr Wanderer und Radfahrer. Die Luft wird frisch, und der Duft von Kiefern und Holzrauch erf\u00fcllt die D\u00f6rfer. Vielleicht sehen Sie sogar den ersten Schnee auf dem Puig Major, dem h\u00f6chsten Berg der Insel. K\u00fcstenst\u00e4dte wie Port de S\u00f3ller oder Port d'Andratx strahlen einen ruhigen Charme aus, mit Einheimischen, die in kleinen Caf\u00e9s plaudern, und Fischern, die ihre Netze flicken.<\/p>\n<p>Dies ist auch die Zeit, in der sich die Einheimischen auf die Winterferien vorbereiten. Die Stra\u00dfen Palmas erstrahlen in weihnachtlichem Glanz, und die Schaufenster f\u00fcllen sich mit gem\u00fctlichen Auslagen. Auf den lokalen M\u00e4rkten werden handgefertigtes Kunsthandwerk, S\u00fc\u00dfigkeiten und warme Schals verkauft.<\/p>\n<h2><strong>Winterlichter und Weihnachtszauber <\/strong><\/h2>\n<p>Im Dezember ist Mallorca wie verwandelt. Die Luft ist k\u00fchl, manchmal sinkt sie nachts unter 10\u00b0C, und \u00fcberall herrscht eine festliche Stimmung. Palma verwandelt sich in eine Stadt wie aus dem Bilderbuch, die Stra\u00dfen sind mit goldenen Lichtern geschm\u00fcckt, Weihnachtslieder erklingen leise und Familien schlendern \u00fcber den Weihnachtsmarkt auf der Plaza Mayor.<\/p>\n<p>Sie werden St\u00e4nde finden, an denen Turr\u00f3n (ein traditioneller Mandelnougat), ger\u00f6stete Kastanien und hei\u00dfe Schokolade verkauft werden. In St\u00e4dten wie Valldemossa oder S\u00f3ller k\u00f6nnen Sie Krippenspiele und kleine Weihnachtskonzerte besuchen. Am 5. Januar f\u00fcllt die Parade der Heiligen Drei K\u00f6nige die Stra\u00dfen mit Musik und Farben, ein sch\u00f6nes Ereignis f\u00fcr Kinder und Erwachsene gleicherma\u00dfen.<\/p>\n<p>W\u00e4hrend es zum Baden zu kalt ist, eignet sich der Winter perfekt f\u00fcr Rad- und Wandertouren. Die Stra\u00dfen auf der Insel sind ruhig, und die tiefstehende Sonne l\u00e4sst die Landschaft in einem goldenen Licht erstrahlen. Sie k\u00f6nnen an der K\u00fcste entlang radeln oder in die Berge gehen, ohne die Sommerhitze zu sp\u00fcren. Und danach gibt es nichts Besseres, als sich mit einem einheimischen Eintopf oder einem Glas mallorquinischem Rotwein aufzuw\u00e4rmen.<\/p>\n<h3><strong>Natur und lokales Leben in den k\u00fchleren Monaten <\/strong><\/h3>\n<p>Auch im Winter zeigt sich die wahre Sch\u00f6nheit der Natur Mallorcas. Die Mandelbl\u00fcte beginnt Ende Januar und \u00fcberzieht die Insel mit zartrosa und wei\u00dfen Bl\u00fcten. Es ist ein atemberaubender Anblick, Felder, die aussehen, als w\u00e4ren sie mit Schnee best\u00e4ubt worden.<\/p>\n<p>Vogelbeobachter und Fotografen lieben diese Jahreszeit, weil das Licht weicher ist und die Feuchtgebiete von S'Albufera voll von Zugv\u00f6geln sind. Sie k\u00f6nnen versteckte Buchten besuchen, auf K\u00fcstenpfaden wandern oder das friedliche Rauschen der Wellen ohne den Sommerl\u00e4rm genie\u00dfen.<\/p>\n<p>Die Einheimischen sagen oft, dass der Winter die Zeit ist, in der Mallorca \"atmet\". Es ist eine Zeit der Verbundenheit, mit der Familie, der Natur und der Gemeinschaft. Sie k\u00f6nnen Ihre Vormittage damit verbringen, die \u00f6rtlichen B\u00e4ckereien zu erkunden, die Nachmittage in Kunstgalerien oder Museen zu verbringen und die Abende vor einem warmen Feuer in einem Landgasthof zu verbringen.<\/p>\n<h3><strong>Perfekte Zeit f\u00fcr Entdeckungen mit dem Fahrrad <\/strong><\/h3>\n<p>Eine der besten Arten, Mallorca vom Herbst bis zum Winter zu erleben, ist mit dem Fahrrad. Die Stra\u00dfen sind leer, die Luft ist sauber, und jede Fahrt bietet etwas Neues: Orangenb\u00e4ume voller Fr\u00fcchte, in Nebel geh\u00fcllte Bergd\u00f6rfer oder einen gl\u00fchenden Sonnenuntergang \u00fcber dem Meer.<\/p>\n<p>Egal, ob Sie ein Gelegenheitsradler oder ein ernsthafter Radfahrer sind, die Insel ist mit ihrer Vielfalt an Routen ideal f\u00fcr jedes Niveau. Sie k\u00f6nnen von Palma zum Cap de Formentor radeln, die gewundenen Pfade durch das Tramuntana-Gebirge erkunden oder einfach die K\u00fcstenbrise bei einer entspannten Fahrt genie\u00dfen.<\/p>\n<h4><strong>Ein Fahrrad mieten mit Ultimate Bike Hire <\/strong><\/h4>\n<p>Um Ihr Fahrradabenteuer einfach und angenehm zu gestalten, k\u00f6nnen Sie bei uns ein Fahrrad mieten<a href=\"https:\/\/www.ultimatebikehiremallorca.com\/de\/\"><strong> Ultimativer Fahrradverleih<\/strong><\/a>. Wir bieten eine Auswahl an hochwertigen Rennr\u00e4dern f\u00fcr jeden Fahrertyp. Unser Team kann Ihnen bei der Auswahl des richtigen Fahrrads helfen und Ihnen sogar landschaftlich reizvolle Routen empfehlen, die auf Ihre Interessen und Ihr K\u00f6nnen abgestimmt sind.<\/p>\n<p>Sie k\u00f6nnen online buchen oder uns pers\u00f6nlich besuchen, Ihr Fahrrad abholen und sich auf den Weg machen, um die sch\u00f6nsten Orte der Insel zu erkunden, von der friedlichen Landschaft bis zu den glitzernden K\u00fcsten. Mit unseren Fahrr\u00e4dern entdecken Sie Mallorcas ruhigen Charme und versteckte Ecken, die nur wenige Touristen sehen.<\/p>\n<p>Ob Sie nun im goldenen Herbst oder im kuscheligen Winter kommen, Mallorca wird Sie mit seinen Farben, seiner Kultur und seiner Ruhe \u00fcberraschen. Es ist eine Jahreszeit der Ver\u00e4nderung und die perfekte Zeit, um sie auf zwei R\u00e4dern zu erkunden.<\/p>","protected":false},"excerpt":{"rendered":"<p>Die meisten Menschen denken bei Mallorca an ein Sommerreiseziel, an Sonne, Str\u00e4nde und Fahrr\u00e4der am Meer. Aber wer l\u00e4nger bleibt oder zwischen Oktober und Februar kommt, entdeckt etwas ganz anderes. Die Insel \u00e4ndert ihren Rhythmus. Die Menschenmassen verschwinden, die Luft k\u00fchlt ab, und Mallorca wird weicher, ruhiger und authentischer. Goldener Herbst: Ernte und Stille [...]<\/p>","protected":false},"author":2,"featured_media":14052,"comment_status":"open","ping_status":"open","sticky":false,"template":"","format":"standard","meta":{"footnotes":""},"categories":[184],"tags":[185,142,47],"class_list":["post-14050","post","type-post","status-publish","format-standard","has-post-thumbnail","hentry","category-autumn-to-winter-in-mallorca","tag-autumn-to-winter-in-mallorca","tag-best-cycling-route-access","tag-bike-rental-in-mallorca"],"_links":{"self":[{"href":"https:\/\/www.ultimatebikehiremallorca.com\/de\/wp-json\/wp\/v2\/posts\/14050","targetHints":{"allow":["GET"]}}],"collection":[{"href":"https:\/\/www.ultimatebikehiremallorca.com\/de\/wp-json\/wp\/v2\/posts"}],"about":[{"href":"https:\/\/www.ultimatebikehiremallorca.com\/de\/wp-json\/wp\/v2\/types\/post"}],"author":[{"embeddable":true,"href":"https:\/\/www.ultimatebikehiremallorca.com\/de\/wp-json\/wp\/v2\/users\/2"}],"replies":[{"embeddable":true,"href":"https:\/\/www.ultimatebikehiremallorca.com\/de\/wp-json\/wp\/v2\/comments?post=14050"}],"version-history":[{"count":0,"href":"https:\/\/www.ultimatebikehiremallorca.com\/de\/wp-json\/wp\/v2\/posts\/14050\/revisions"}],"wp:featuredmedia":[{"embeddable":true,"href":"https:\/\/www.ultimatebikehiremallorca.com\/de\/wp-json\/wp\/v2\/media\/14052"}],"wp:attachment":[{"href":"https:\/\/www.ultimatebikehiremallorca.com\/de\/wp-json\/wp\/v2\/media?parent=14050"}],"wp:term":[{"taxonomy":"category","embeddable":true,"href":"https:\/\/www.ultimatebikehiremallorca.com\/de\/wp-json\/wp\/v2\/categories?post=14050"},{"taxonomy":"post_tag","embeddable":true,"href":"https:\/\/www.ultimatebikehiremallorca.com\/de\/wp-json\/wp\/v2\/tags?post=14050"}],"curies":[{"name":"wp","href":"https:\/\/api.w.org\/{rel}","templated":true}]}}