{"id":14021,"date":"2025-10-02T05:55:09","date_gmt":"2025-10-02T05:55:09","guid":{"rendered":"https:\/\/www.ultimatebikehiremallorca.com\/?p=14021"},"modified":"2025-10-02T05:56:02","modified_gmt":"2025-10-02T05:56:02","slug":"what-locals-do-in-mallorca","status":"publish","type":"post","link":"https:\/\/www.ultimatebikehiremallorca.com\/de\/was-einheimische-auf-mallorca-tun\/","title":{"rendered":"Was die Einheimischen auf Mallorca tun, wenn der Sommer vorbei ist"},"content":{"rendered":"<p style=\"text-align: justify;\"><span lang=\"EN-IN\">Wenn die meisten Menschen an Mallorca denken, denken sie an Sommerurlaub, sonnige Str\u00e4nde und lange Radtouren unter der Mittelmeersonne. Aber das Leben auf der Insel h\u00f6rt nicht auf, wenn der Sommer endet. F\u00fcr die Einheimischen bringt der Herbst sogar eine ruhigere, traditionellere Lebensweise mit sich. Die Menschenmassen verschwinden, das Wetter k\u00fchlt ab, und die Insel findet langsam zu ihrem eigenen Rhythmus zur\u00fcck. Wenn Sie das wahre Mallorca verstehen wollen, m\u00fcssen Sie sehen, was nach dem Sommer passiert. <\/span><\/p>\n<h2 style=\"text-align: justify;\"><b><span lang=\"EN-IN\">Ein langsameres Lebenstempo <\/span><\/b><\/h2>\n<p style=\"text-align: justify;\"><span lang=\"EN-IN\">Im September ist an den Str\u00e4nden weniger los, und die Stra\u00dfen sind ruhiger. Die Einheimischen genie\u00dfen ihre Insel endlich ohne den Ansturm der Touristen. Familien machen Abendspazierg\u00e4nge am Meer, und kleine Caf\u00e9s f\u00fcllen sich wieder mit Einheimischen statt mit Besuchern. Die Atmosph\u00e4re ist entspannt, fast so, als ob die Insel nach der gesch\u00e4ftigen Sommersaison tief durchatmen w\u00fcrde. <\/span><\/p>\n<p style=\"text-align: justify;\"><span lang=\"EN-IN\">F\u00fcr die Mallorquiner ist der Herbst eine Zeit, in der sie sich wieder mit der Familie und der Gemeinschaft verbinden. Die Menschen verbringen mehr Zeit zu Hause, kochen gemeinsam oder genie\u00dfen einen Kaffee auf einer Terrasse mit Freunden. Viele Einheimische freuen sich das ganze Jahr \u00fcber auf das langsamere Tempo. <\/span><\/p>\n<h2 style=\"text-align: justify;\"><b><span lang=\"EN-IN\">Erntesaison und lokale Lebensmittel <\/span><\/b><\/h2>\n<p style=\"text-align: justify;\"><span lang=\"EN-IN\">Der Herbst ist auch die Zeit der Ernte. Mallorca hat eine starke landwirtschaftliche Tradition, und das Ende des Sommers bringt viele frische Lebensmittel. Weintrauben, Mandeln und Oliven werden im September und Oktober geerntet. F\u00fcr die Olivenernte, die sowohl harte Arbeit als auch ein gesellschaftliches Ereignis ist, schlie\u00dfen sich die Familien oft zusammen. <\/span><\/p>\n<p style=\"text-align: justify;\"><span lang=\"EN-IN\">Dies ist die Jahreszeit, in der die Einheimischen Oliven\u00f6l und S\u00fc\u00dfigkeiten auf Mandelbasis zubereiten. Die M\u00e4rkte sind voll mit saisonalen Produkten wie Feigen, Pilzen und frisch gekeltertem Wein. Eine beliebte Veranstaltung ist die Fira de sa Mel (Honigmesse) in Llub\u00ed, auf der lokaler Honig und traditionelle S\u00fc\u00dfigkeiten verkauft werden. F\u00fcr viele Mallorquiner sind diese Feste eine Gelegenheit, ihre Kultur zu feiern und hausgemachte Speisen zu genie\u00dfen. <\/span><\/p>\n<h2 style=\"text-align: justify;\"><b><span lang=\"EN-IN\">Feste und Traditionen <\/span><\/b><\/h2>\n<p style=\"text-align: justify;\"><span lang=\"EN-IN\">Auch nach dem Sommer bleiben die Feste ein wichtiger Bestandteil des \u00f6rtlichen Lebens. Im November findet in der Stadt Inca der Dijous Bo statt, einer der gr\u00f6\u00dften Jahrm\u00e4rkte der Insel. Er ist ber\u00fchmt f\u00fcr lokale Lebensmittel, Viehschauen und traditionelles Handwerk. Familien aus ganz Mallorca besuchen die Messe, um einzukaufen, zu essen und Freunde zu treffen. <\/span><\/p>\n<p style=\"text-align: justify;\"><span lang=\"EN-IN\">Eine weitere wichtige Tradition ist der Sant-Miquel-Tag Ende September, der das Ende des Sommers markiert. Viele D\u00f6rfer feiern diesen Tag mit Musik, Tanz und religi\u00f6sen Veranstaltungen. Diese lokalen Feste zeigen, wie sehr die Mallorquiner ihre Traditionen und ihre Gemeinschaft sch\u00e4tzen. <\/span><\/p>\n<h3 style=\"text-align: justify;\"><b><span lang=\"EN-IN\">Naturspazierg\u00e4nge und Leben im Freien <\/span><\/b><\/h3>\n<p style=\"text-align: justify;\"><span lang=\"EN-IN\">W\u00e4hrend Touristen oft wegen der Str\u00e4nde kommen, wissen die Einheimischen, dass der Herbst die perfekte Jahreszeit f\u00fcr Aktivit\u00e4ten im Freien ist. Das Wetter ist k\u00fchler, und das Gebirge Serra de Tramuntana wird zu einem beliebten Ort zum Wandern und Radfahren. Familien verbringen die Wochenenden mit Spazierg\u00e4ngen in der Natur, Pilzsammeln oder Picknicks. <\/span><\/p>\n<p style=\"text-align: justify;\"><span lang=\"EN-IN\">Auch im Herbst wird wieder geradelt. Die Stra\u00dfen sind sicherer, da weniger Autos unterwegs sind, und viele Einheimische genie\u00dfen es, an der K\u00fcste entlang oder durch kleine D\u00f6rfer zu fahren. Es ist eine Zeit, in der die Bewohner die nat\u00fcrliche Sch\u00f6nheit ihrer Insel zur\u00fcckgewinnen k\u00f6nnen. <\/span><\/p>\n<h3 style=\"text-align: justify;\"><b><span lang=\"EN-IN\">Vorbereitungen f\u00fcr den Winter <\/span><\/b><\/h3>\n<p style=\"text-align: justify;\"><span lang=\"EN-IN\">Nach dem Sommer bereiten sich auch die Mallorquiner auf die k\u00fchleren Monate vor. In den Gesch\u00e4ften wird nun w\u00e4rmere Kleidung verkauft, und viele Familien bereiten sich darauf vor, mehr Zeit im Haus zu verbringen. Traditionelle Gerichte wie die sopes mallorquines (eine Gem\u00fcse- und Brotsuppe) kehren auf die Tische zur\u00fcck. Diese kleinen Ver\u00e4nderungen erinnern die Einheimischen daran, dass sich die Jahreszeiten auch in einem mediterranen Klima \u00e4ndern. <\/span><\/p>\n<p style=\"text-align: justify;\"><span lang=\"EN-IN\">Das Ende des Sommers bedeutet auch, dass viele Menschen zur Routine zur\u00fcckkehren. Die Kinder gehen wieder zur Schule, und die Erwachsenen richten sich auf ihre Arbeitspl\u00e4ne ein. Dennoch ist es immer noch wichtig, ein Gleichgewicht zu finden - Zeit f\u00fcr Familie, Freunde und Traditionen. <\/span><\/p>\n<h3 style=\"text-align: justify;\"><b><span lang=\"EN-IN\">Warum dies f\u00fcr Besucher wichtig ist <\/span><\/b><\/h3>\n<p style=\"text-align: justify;\"><span lang=\"EN-IN\">F\u00fcr Touristen ist der Herbst auf Mallorca eine Chance, die Insel auf eine andere Art zu erleben. Anstelle von \u00fcberf\u00fcllten Str\u00e4nden finden Sie friedliche D\u00f6rfer. Anstelle von belebten Restaurants k\u00f6nnen Sie ruhige lokale Caf\u00e9s genie\u00dfen. Wenn Sie sich an den Aktivit\u00e4ten der Einheimischen orientieren, k\u00f6nnen Sie das authentische Herz von Mallorca entdecken. <\/span><\/p>\n<p style=\"text-align: justify;\"><span lang=\"EN-IN\">Ein Besuch nach dem Sommer bedeutet auch, dass Sie an den lokalen Festen teilnehmen, saisonale Gerichte probieren und Aktivit\u00e4ten im Freien ohne die Hitze genie\u00dfen k\u00f6nnen. Es ist eine Zeit, in der sich Mallorca pers\u00f6nlicher und realer anf\u00fchlt und mehr mit seinen Traditionen verbunden ist. <\/span><\/p>\n<h4 style=\"text-align: justify;\"><b><span lang=\"EN-IN\">Entdecken Sie Mallorca mit dem Fahrrad mit Ultimate Bike Hire <\/span><\/b><\/h4>\n<p style=\"text-align: justify;\"><span lang=\"EN-IN\">Eine der besten M\u00f6glichkeiten, Mallorca wie ein Einheimischer zu erleben, ist das Fahrrad. Mit weniger Autos auf den Stra\u00dfen und k\u00fchlerem Wetter ist das Radfahren im Herbst ein wahres Vergn\u00fcgen. Unter <a href=\"https:\/\/www.ultimatebikehiremallorca.com\/de\/\"><strong>Ultimativer Fahrradverleih<\/strong><\/a>machen wir es Ihnen leicht, die Insel auf zwei R\u00e4dern zu erkunden. Egal, ob Sie an der K\u00fcste entlang fahren, versteckte D\u00f6rfer entdecken oder durch das Tramuntana-Gebirge radeln m\u00f6chten, wir haben das richtige Fahrrad f\u00fcr Sie. Es ist ganz einfach, ein Fahrrad bei uns zu mieten, und unser Team kann Ihnen Routen und Tipps geben, damit Ihre Reise unvergesslich wird. Entdecken Sie Mallorca in Ihrem eigenen Tempo, so wie es die Einheimischen tun. <\/span><\/p>","protected":false},"excerpt":{"rendered":"<p>Wenn die meisten Menschen an Mallorca denken, denken sie an Sommerurlaub, sonnige Str\u00e4nde und lange Radtouren unter der Mittelmeersonne. Aber das Leben auf der Insel h\u00f6rt nicht auf, wenn der Sommer endet. F\u00fcr die Einheimischen bringt der Herbst sogar eine ruhigere, traditionellere Lebensweise mit sich. Die Menschenmassen verschwinden, das Wetter k\u00fchlt ab, und die Insel kehrt langsam [...]<\/p>","protected":false},"author":2,"featured_media":14022,"comment_status":"open","ping_status":"open","sticky":false,"template":"","format":"standard","meta":{"footnotes":""},"categories":[172],"tags":[70,47,112,173],"class_list":["post-14021","post","type-post","status-publish","format-standard","has-post-thumbnail","hentry","category-what-the-locals-do-in-mallorca","tag-benefit-of-cycling","tag-bike-rental-in-mallorca","tag-cycling-in-mallorca","tag-what-locals-do-in-mallorca-after-summer-ends"],"_links":{"self":[{"href":"https:\/\/www.ultimatebikehiremallorca.com\/de\/wp-json\/wp\/v2\/posts\/14021","targetHints":{"allow":["GET"]}}],"collection":[{"href":"https:\/\/www.ultimatebikehiremallorca.com\/de\/wp-json\/wp\/v2\/posts"}],"about":[{"href":"https:\/\/www.ultimatebikehiremallorca.com\/de\/wp-json\/wp\/v2\/types\/post"}],"author":[{"embeddable":true,"href":"https:\/\/www.ultimatebikehiremallorca.com\/de\/wp-json\/wp\/v2\/users\/2"}],"replies":[{"embeddable":true,"href":"https:\/\/www.ultimatebikehiremallorca.com\/de\/wp-json\/wp\/v2\/comments?post=14021"}],"version-history":[{"count":0,"href":"https:\/\/www.ultimatebikehiremallorca.com\/de\/wp-json\/wp\/v2\/posts\/14021\/revisions"}],"wp:featuredmedia":[{"embeddable":true,"href":"https:\/\/www.ultimatebikehiremallorca.com\/de\/wp-json\/wp\/v2\/media\/14022"}],"wp:attachment":[{"href":"https:\/\/www.ultimatebikehiremallorca.com\/de\/wp-json\/wp\/v2\/media?parent=14021"}],"wp:term":[{"taxonomy":"category","embeddable":true,"href":"https:\/\/www.ultimatebikehiremallorca.com\/de\/wp-json\/wp\/v2\/categories?post=14021"},{"taxonomy":"post_tag","embeddable":true,"href":"https:\/\/www.ultimatebikehiremallorca.com\/de\/wp-json\/wp\/v2\/tags?post=14021"}],"curies":[{"name":"wp","href":"https:\/\/api.w.org\/{rel}","templated":true}]}}