{"id":13592,"date":"2024-12-03T05:22:31","date_gmt":"2024-12-03T05:22:31","guid":{"rendered":"https:\/\/www.ultimatebikehiremallorca.com\/?p=13592"},"modified":"2024-12-03T05:39:48","modified_gmt":"2024-12-03T05:39:48","slug":"cycling-in-mallorca-why-winter-and-fall-are-perfect-seasons","status":"publish","type":"post","link":"https:\/\/www.ultimatebikehiremallorca.com\/de\/radfahren-auf-mallorca-warum-winter-und-herbst-die-perfekte-jahreszeit-sind\/","title":{"rendered":"Radfahren \u00fcber den Sommer hinaus: Warum Winter und Herbst ideal f\u00fcr Mallorcas Bergrouten sind"},"content":{"rendered":"<p>Wenn die meisten Menschen an Radfahren auf Mallorca denken, kommt ihnen oft der Sommer in den Sinn. Aber wussten Sie, dass sich der wahre Zauber der Insel im Winter und Herbst entfaltet? Abgesehen von den \u00fcberf\u00fcllten Str\u00e4nden und der sengenden Hitze verwandeln sich Mallorcas Bergrouten in diesen Jahreszeiten in ein Paradies f\u00fcr Radfahrer. Lassen Sie uns herausfinden, warum das Radfahren in den k\u00fchleren Monaten den Unterschied ausmacht.<\/p>\n<h2>Warum sollte man das Radfahren auf Mallorca im Sommer vermeiden?<\/h2>\n<p><strong>Die Hitze-Herausforderung<\/strong><\/p>\n<p>Im Sommer k\u00f6nnen die Temperaturen auf Mallorca weit \u00fcber 30 \u00b0C steigen, was lange Fahrten anstrengend und sogar riskant macht. Dehydrierung und Hitzschlag sind ein echtes Problem, besonders f\u00fcr Radfahrer, die anspruchsvolle Anstiege bew\u00e4ltigen m\u00fcssen.<\/p>\n<p><strong>\u00dcberf\u00fcllte Stra\u00dfen<\/strong><\/p>\n<p>Im Sommer str\u00f6men die Touristen auf die Insel und verwandeln die malerischen Stra\u00dfen in belebte Autobahnen. Es ist schwer, die Gelassenheit des Radfahrens zu genie\u00dfen, wenn man st\u00e4ndig Autos und anderen Besuchern ausweichen muss.<\/p>\n<p><strong>Hohe Kosten<\/strong><\/p>\n<p>Von der Unterkunft bis zum Fahrradverleih - der Sommer ist Hochsaison. Die Kosten k\u00f6nnen in die H\u00f6he schie\u00dfen, so dass es f\u00fcr Radfahrbegeisterte weniger g\u00fcnstig ist.<\/p>\n<h2><strong>K\u00fchlere Temperaturen f\u00fcr lange Fahrten <\/strong><\/h2>\n<p><strong>Angenehmes Klima im Herbst<\/strong><\/p>\n<p>Im Herbst bewegen sich die Temperaturen zwischen 15 und 25 \u00b0C und schaffen so die perfekte Umgebung f\u00fcr lange, ununterbrochene Fahrten. Sie m\u00fcssen sich keine Sorgen machen, dass Sie \u00fcberhitzen oder mit extremen Bedingungen zu k\u00e4mpfen haben.<\/p>\n<p><strong>Knackige Winterluft<\/strong><\/p>\n<p>Der Winter bringt frische, klare Luft, die sich belebend anf\u00fchlt, wenn Sie auf Mallorcas malerischen Routen in die Pedale treten. Mit Tagesh\u00f6chsttemperaturen um 1017\u00b0C ist er ideal f\u00fcr alle, die k\u00fchleres Wetter lieben.<\/p>\n<p><strong>Spektakul\u00e4re Verwandlung von Landschaften <\/strong><\/p>\n<p>Herbstfarben<\/p>\n<p>Wenn der Herbst beginnt, explodieren die Landschaften Mallorcas in orange, gelb und rot. Eine Radtour durch das Tramuntana-Gebirge wird zu einem visuellen Fest, wenn sich die W\u00e4lder in ihre herbstliche Pracht verwandeln.<\/p>\n<p>Winterliche Gelassenheit<\/p>\n<p>Der Winter beseitigt alle Ablenkungen und hinterl\u00e4sst eine ruhige, heitere Kulisse f\u00fcr Ihre Fahrten. Neblige Vormittage und klare, sonnige Nachmittage machen jede Fahrt einzigartig und atemberaubend.<\/p>\n<p><strong>Weniger \u00fcberf\u00fcllte Routen <\/strong><\/p>\n<p>Exklusiver Zugang<\/p>\n<p>Im Winter und Herbst werden die Touristenstr\u00f6me weniger. Das bedeutet, dass Sie Mallorcas ikonische Landschaft genie\u00dfen k\u00f6nnen. <a href=\"https:\/\/www.ultimatebikehiremallorca.com\/de\/die-besten-radwege-auf-mallorca-die-besten-radtouren-fur-radfahrer\/\"><strong>Fahrradrouten<\/strong><\/a>-wie Sa Calobra und Cap de Formentor - fast ganz f\u00fcr sich allein.<\/p>\n<p>Sicher und friedlich<\/p>\n<p>Weniger Fahrzeuge auf der Stra\u00dfe machen das Radfahren sicherer und angenehmer. Sie k\u00f6nnen sich auf den Rhythmus Ihrer Fahrt konzentrieren, ohne sich Gedanken \u00fcber den Verkehr zu machen.<\/p>\n<p><strong>Preisg\u00fcnstige Radfahrabenteuer <\/strong><\/p>\n<p>Erschwingliche Unterkunft<\/p>\n<p>Reisen au\u00dferhalb der Saison bedeutet niedrigere Preise. Hotels, Pensionen und Ferienwohnungen bieten oft Preisnachl\u00e4sse an, so dass Sie Ihren Aufenthalt verl\u00e4ngern k\u00f6nnen, ohne das Budget zu sprengen.<\/p>\n<p>G\u00fcnstigere Fl\u00fcge<\/p>\n<p>Fl\u00fcge nach Mallorca sind im Herbst und Winter deutlich billiger. Dies ist ideal f\u00fcr internationale Radfahrer, die einen kosteng\u00fcnstigen Urlaub suchen.<\/p>\n<p><strong>\u00a0Ideales Trainingsgel\u00e4nde f\u00fcr Fachkr\u00e4fte <\/strong><\/p>\n<p>Warum sich die Profis im Winter hierher verirren<\/p>\n<p>Viele Profi-Radsportteams fahren im Winter f\u00fcr Trainingslager nach Mallorca. Die Insel bietet anspruchsvolles Terrain, mildes Wetter und ruhige Stra\u00dfen - perfekt f\u00fcr eine hochintensive Vorbereitung.<\/p>\n<p>Ausdauer auf Bergrouten testen<\/p>\n<p>Das Tramuntana-Gebirge bietet eine Mischung aus Anstiegen und Abfahrten, die ideal sind, um die Ausdauer zu trainieren und die Technik zu verbessern. Egal, ob Sie den Puig Major oder den Coll de S\u00f3ller in Angriff nehmen, jede Route ist eine Gelegenheit, an Ihre Grenzen zu gehen.<\/p>\n<p><strong>\u00a0Perfekte Bedingungen f\u00fcr Einsteiger <\/strong><\/p>\n<p>Sanftes Wetter f\u00fcr Anf\u00e4nger<\/p>\n<p>Wenn Sie neu im Radsport sind, sind die milden Herbst- und Winterbedingungen weit weniger einsch\u00fcchternd als die Hitze des Sommers. Bei k\u00fchleren Temperaturen ist es einfacher, sich anzupassen und Vertrauen aufzubauen.<\/p>\n<p>Weniger Druck<\/p>\n<p>Da weniger Radfahrer auf der Stra\u00dfe unterwegs sind, k\u00f6nnen sich Anf\u00e4nger Zeit nehmen, in ihrem eigenen Tempo lernen und die Landschaft genie\u00dfen, ohne sich gehetzt zu f\u00fchlen.<\/p>\n<p><strong>\u00a0Festliche Stimmung im Winter <\/strong><\/p>\n<p>Saisonale Feiern<\/p>\n<p>Der Winter auf Mallorca bringt festliche Stimmung. Fahren Sie durch weihnachtlich geschm\u00fcckte D\u00f6rfer oder halten Sie auf lokalen M\u00e4rkten f\u00fcr ein warmes Getr\u00e4nk und Snacks.<\/p>\n<p>Kulturelles Eintauchen<\/p>\n<p>Beim Radfahren im Winter erleben Sie die authentische Seite Mallorcas, abseits der Touristenfallen. Lokale Feste, traditionelles Essen und herzliche Gastfreundschaft erwarten Sie.<\/p>\n<h2><strong>Profi-Tipps f\u00fcr Radfahren im Winter und Herbst auf Mallorca <\/strong><\/h2>\n<p><strong>Vorbereiten auf k\u00fchlere Tage<\/strong><\/p>\n<p>Schichten einpacken! Fr\u00fchmorgens kann es k\u00fchl sein, daher ist eine leichte Jacke oder Thermokleidung unerl\u00e4sslich. Vergessen Sie nicht Handschuhe und einen Buff f\u00fcr zus\u00e4tzlichen Komfort.<\/p>\n<p><strong>\u00a0Planen Sie Ihre Fahrten<\/strong><\/p>\n<p>Da das Tageslicht k\u00fcrzer wird, ist es wichtig, fr\u00fch zu starten. Informieren Sie sich \u00fcber die Wettervorhersage und planen Sie Routen, die innerhalb sicherer Fahrzeiten liegen.<\/p>\n<p><strong>\u00a0Fl\u00fcssigkeitszufuhr und Ern\u00e4hrung<\/strong><\/p>\n<p>Auch bei k\u00fchlerem Wetter ist es wichtig, dass Sie ausreichend Fl\u00fcssigkeit zu sich nehmen. Nehmen Sie f\u00fcr l\u00e4ngere Fahrten Snacks mit, denn viele Caf\u00e9s haben im Winter nur begrenzte \u00d6ffnungszeiten.<\/p>\n<h2><strong>Top-Bergrouten f\u00fcr das Radfahren au\u00dferhalb der Saison <\/strong><\/h2>\n<p><strong>Sa Calobra<\/strong><\/p>\n<p>Die Sa Calobra ist bekannt f\u00fcr ihre ikonischen 26 Haarnadelkurven und ist ohne die Menschenmassen im Sommer weniger be\u00e4ngstigend. Es ist ein anspruchsvoller Anstieg, der aber jeden Tritt in die Pedale wert ist.<\/p>\n<p><strong>\u00a0Cap de Formentor<\/strong><\/p>\n<p>Die n\u00f6rdlichste Spitze der Insel bietet einen atemberaubenden Blick auf das Mittelmeer. Der klare Himmel im Winter macht die Landschaft noch spektakul\u00e4rer.<\/p>\n<p><strong>\u00a0Puig Major<\/strong><\/p>\n<p>Als h\u00f6chster Gipfel Mallorcas ist diese Route ein Muss f\u00fcr erfahrene Radfahrer. In den k\u00fchleren Jahreszeiten ist der Aufstieg leichter zu bew\u00e4ltigen.<\/p>\n<h2><strong>Schlussfolgerung <\/strong><\/h2>\n<p>Radfahren auf Mallorca im Winter und Herbst bietet ein v\u00f6llig anderes Erlebnis - ruhige Stra\u00dfen, atemberaubende Landschaften und perfekte Fahrbedingungen. Ob Sie nun ein erfahrener Profi sind oder gerade erst anfangen, diese k\u00fchleren Monate bieten eine unvergleichliche Gelegenheit, die Sch\u00f6nheit der Insel zu erkunden. Packen Sie also Ihre Ausr\u00fcstung, planen Sie Ihre Reise und entdecken Sie, warum Mallorcas Bergrouten auch au\u00dferhalb des Sommers gl\u00e4nzen.<\/p>\n<p>&nbsp;<\/p>\n<p>&nbsp;<\/p>","protected":false},"excerpt":{"rendered":"<p>Wenn die meisten Menschen an Radfahren auf Mallorca denken, kommt ihnen oft der Sommer in den Sinn. Aber wussten Sie, dass sich der wahre Zauber der Insel im Winter und Herbst entfaltet? Abgesehen von den \u00fcberf\u00fcllten Str\u00e4nden und der sengenden Hitze verwandeln sich Mallorcas Bergrouten in diesen Jahreszeiten in ein Paradies f\u00fcr Radfahrer. Lassen Sie uns herausfinden, warum Radfahren in den k\u00fchleren Monaten so [...]<\/p>","protected":false},"author":2,"featured_media":13593,"comment_status":"open","ping_status":"open","sticky":false,"template":"","format":"standard","meta":{"footnotes":""},"categories":[82],"tags":[99],"class_list":["post-13592","post","type-post","status-publish","format-standard","has-post-thumbnail","hentry","category-cycling","tag-cycling-in-mallorca-why-winter-and-fall-are-perfect-seasons"],"_links":{"self":[{"href":"https:\/\/www.ultimatebikehiremallorca.com\/de\/wp-json\/wp\/v2\/posts\/13592","targetHints":{"allow":["GET"]}}],"collection":[{"href":"https:\/\/www.ultimatebikehiremallorca.com\/de\/wp-json\/wp\/v2\/posts"}],"about":[{"href":"https:\/\/www.ultimatebikehiremallorca.com\/de\/wp-json\/wp\/v2\/types\/post"}],"author":[{"embeddable":true,"href":"https:\/\/www.ultimatebikehiremallorca.com\/de\/wp-json\/wp\/v2\/users\/2"}],"replies":[{"embeddable":true,"href":"https:\/\/www.ultimatebikehiremallorca.com\/de\/wp-json\/wp\/v2\/comments?post=13592"}],"version-history":[{"count":0,"href":"https:\/\/www.ultimatebikehiremallorca.com\/de\/wp-json\/wp\/v2\/posts\/13592\/revisions"}],"wp:featuredmedia":[{"embeddable":true,"href":"https:\/\/www.ultimatebikehiremallorca.com\/de\/wp-json\/wp\/v2\/media\/13593"}],"wp:attachment":[{"href":"https:\/\/www.ultimatebikehiremallorca.com\/de\/wp-json\/wp\/v2\/media?parent=13592"}],"wp:term":[{"taxonomy":"category","embeddable":true,"href":"https:\/\/www.ultimatebikehiremallorca.com\/de\/wp-json\/wp\/v2\/categories?post=13592"},{"taxonomy":"post_tag","embeddable":true,"href":"https:\/\/www.ultimatebikehiremallorca.com\/de\/wp-json\/wp\/v2\/tags?post=13592"}],"curies":[{"name":"wp","href":"https:\/\/api.w.org\/{rel}","templated":true}]}}